{"id":11376,"date":"2023-03-02T11:31:35","date_gmt":"2023-03-02T10:31:35","guid":{"rendered":"https:\/\/agora.xtec.cat\/esc-teresabergada\/?p=11376"},"modified":"2023-03-02T11:32:36","modified_gmt":"2023-03-02T10:32:36","slug":"presentacio-a-les-families-2","status":"publish","type":"post","link":"https:\/\/agora.xtec.cat\/esc-teresabergada\/blocs-de-primaria\/6e\/presentacio-a-les-families-2\/","title":{"rendered":"PRESENTACI\u00d3 A LES FAM\u00cdLIES"},"content":{"rendered":"<p style=\"text-align: justify\"><span style=\"font-weight: 400\">El dijous, 23 de febrer, els alumnes i les alumnes de 5\u00e8B vam fer la presentaci\u00f3 a les fam\u00edlies del nostre projecte \u201cEls 5 regnes dels \u00e9ssers vius\u201d. Tot i que est\u00e0vem nerviosos\u2026 sab\u00edem que ens sortiria molt b\u00e9!<\/span><\/p>\n<p><a href=\"https:\/\/agora.xtec.cat\/esc-teresabergada\/wp-content\/uploads\/usu1533\/2023\/03\/1677752673735.jpg\"><img loading=\"lazy\" decoding=\"async\" class=\"alignnone wp-image-11378\" src=\"https:\/\/agora.xtec.cat\/esc-teresabergada\/wp-content\/uploads\/usu1533\/2023\/03\/1677752673735-1024x646.jpg\" alt=\"\" width=\"500\" height=\"315\" srcset=\"https:\/\/agora.xtec.cat\/esc-teresabergada\/wp-content\/uploads\/usu1533\/2023\/03\/1677752673735-1024x646.jpg 1024w, https:\/\/agora.xtec.cat\/esc-teresabergada\/wp-content\/uploads\/usu1533\/2023\/03\/1677752673735-300x189.jpg 300w, https:\/\/agora.xtec.cat\/esc-teresabergada\/wp-content\/uploads\/usu1533\/2023\/03\/1677752673735-768x485.jpg 768w, https:\/\/agora.xtec.cat\/esc-teresabergada\/wp-content\/uploads\/usu1533\/2023\/03\/1677752673735-1536x969.jpg 1536w, https:\/\/agora.xtec.cat\/esc-teresabergada\/wp-content\/uploads\/usu1533\/2023\/03\/1677752673735-2048x1293.jpg 2048w\" sizes=\"auto, (max-width: 500px) 100vw, 500px\" \/><\/a><\/p>\n<p style=\"text-align: justify\"><span style=\"font-weight: 400\">Durant la presentaci\u00f3 vam explicar que els \u00e9ssers vius es divideixen en 5 regnes: el regne moneres, el regne protoctists, el regne fungi, el regne vegetal i el regne animal. <\/span><span style=\"font-weight: 400\">Entremig de l&#8217;exposici\u00f3 de cada regne vam anar explicant que hav\u00edem fet una activitat de xoc, un taller de r\u00e8ptils, una visita a la biblioteca, uns experiments, una sortida a la granja del Josep, un lapbook, etc. Aix\u00ed com tamb\u00e9 que hav\u00edem tingut la visita d\u2019experts veterinaris i d\u2019algunes de les nostres mascotes.<\/span><\/p>\n<p>Al final, la presentaci\u00f3 va ser tot un \u00e8xit i vam poder gaudir d&#8217;una tarda amb les fam\u00edlies molt bonica.<\/p>\n<p style=\"text-align: justify\">Bruna Mayench i Sofia Diaz<\/p>\n<p style=\"text-align: justify\"><em><span style=\"font-weight: 400\">*Us recordem que podeu trobar imatges relacionades a l&#8217;enlla\u00e7 que us van compartir a les fam\u00edlies.\u00a0<\/span><\/em><\/p>\n","protected":false},"excerpt":{"rendered":"<p>El dijous, 23 de febrer, els alumnes i les alumnes de 5\u00e8B vam fer la presentaci\u00f3 a les fam\u00edlies del nostre projecte \u201cEls 5 regnes dels \u00e9ssers vius\u201d. Tot i que est\u00e0vem nerviosos\u2026 sab\u00edem que ens sortiria molt b\u00e9!<br \/>\n<a href=\"https:\/\/agora.xtec.cat\/esc-teresabergada\/wp-content\/uploads\/usu1533\/2023\/03\/1677752673735.jpg\"><\/a><br \/>\nDurant la presentaci\u00f3 vam explicar que&hellip;  <a href=\"https:\/\/agora.xtec.cat\/esc-teresabergada\/blocs-de-primaria\/6e\/presentacio-a-les-families-2\/\" title=\"Read PRESENTACI\u00d3 A LES FAM\u00cdLIES\">Llegeix m\u00e9s\u00bb<\/a><\/p>\n","protected":false},"author":28,"featured_media":11377,"comment_status":"open","ping_status":"closed","sticky":false,"template":"","format":"standard","meta":{"_bbp_topic_count":0,"_bbp_reply_count":0,"_bbp_total_topic_count":0,"_bbp_total_reply_count":0,"_bbp_voice_count":0,"_bbp_anonymous_reply_count":0,"_bbp_topic_count_hidden":0,"_bbp_reply_count_hidden":0,"_bbp_forum_subforum_count":0,"footnotes":""},"categories":[349,240],"tags":[],"class_list":["post-11376","post","type-post","status-publish","format-standard","has-post-thumbnail","hentry","category-5e","category-6e"],"post_mailing_queue_ids":[],"_links":{"self":[{"href":"https:\/\/agora.xtec.cat\/esc-teresabergada\/wp-json\/wp\/v2\/posts\/11376","targetHints":{"allow":["GET"]}}],"collection":[{"href":"https:\/\/agora.xtec.cat\/esc-teresabergada\/wp-json\/wp\/v2\/posts"}],"about":[{"href":"https:\/\/agora.xtec.cat\/esc-teresabergada\/wp-json\/wp\/v2\/types\/post"}],"author":[{"embeddable":true,"href":"https:\/\/agora.xtec.cat\/esc-teresabergada\/wp-json\/wp\/v2\/users\/28"}],"replies":[{"embeddable":true,"href":"https:\/\/agora.xtec.cat\/esc-teresabergada\/wp-json\/wp\/v2\/comments?post=11376"}],"version-history":[{"count":2,"href":"https:\/\/agora.xtec.cat\/esc-teresabergada\/wp-json\/wp\/v2\/posts\/11376\/revisions"}],"predecessor-version":[{"id":11380,"href":"https:\/\/agora.xtec.cat\/esc-teresabergada\/wp-json\/wp\/v2\/posts\/11376\/revisions\/11380"}],"wp:featuredmedia":[{"embeddable":true,"href":"https:\/\/agora.xtec.cat\/esc-teresabergada\/wp-json\/wp\/v2\/media\/11377"}],"wp:attachment":[{"href":"https:\/\/agora.xtec.cat\/esc-teresabergada\/wp-json\/wp\/v2\/media?parent=11376"}],"wp:term":[{"taxonomy":"category","embeddable":true,"href":"https:\/\/agora.xtec.cat\/esc-teresabergada\/wp-json\/wp\/v2\/categories?post=11376"},{"taxonomy":"post_tag","embeddable":true,"href":"https:\/\/agora.xtec.cat\/esc-teresabergada\/wp-json\/wp\/v2\/tags?post=11376"}],"curies":[{"name":"wp","href":"https:\/\/api.w.org\/{rel}","templated":true}]}}