{"id":11346,"date":"2023-02-22T12:43:53","date_gmt":"2023-02-22T11:43:53","guid":{"rendered":"https:\/\/agora.xtec.cat\/esc-teresabergada\/?p=11346"},"modified":"2023-02-22T12:43:53","modified_gmt":"2023-02-22T11:43:53","slug":"dia-de-la-pau-3","status":"publish","type":"post","link":"https:\/\/agora.xtec.cat\/esc-teresabergada\/blocs-de-primaria\/2n\/dia-de-la-pau-3\/","title":{"rendered":"DIA DE LA PAU"},"content":{"rendered":"<p>Despr\u00e9s d&#8217;haver treballat la tipologia textual de LA NOT\u00cdCIA. L&#8217;alumnat de 2n per equips cooperatius han intentat explicar en format not\u00edcia les activitats realitzades el dia 30 de gener ( la celebraci\u00f3 del dia de la Pau i no Viol\u00e8ncia).<\/p>\n<p>Aquesta \u00e9s:<\/p>\n<p><strong>DIA DE LA PAU<\/strong><\/p>\n<p>El dia 30 de gener va ser el dia de la Pau. Els alumnes de Cicle Inicial van anar a la Llar de Jubilats a jugar jocs de taula\u00a0 i llegir contes i aix\u00ed\u00a0 compartir un moment amb els padrins i padrines.<\/p>\n<p>Despr\u00e9s es va fer pati obert amb els alumnes d&#8217;infantil i entre tots es va cantar la can\u00e7\u00f3 &#8221; Eso que tu me das&#8221;.<\/p>\n<p>Per acabar es va fer una activitat on tots havien de barrejar-se i intercanviar el paperet que tenien fent una abra\u00e7ada.<\/p>\n<p><a href=\"https:\/\/agora.xtec.cat\/esc-teresabergada\/wp-content\/uploads\/usu1533\/2023\/02\/PATI-DIA-DE-LA-PAU.jpg\"><img loading=\"lazy\" decoding=\"async\" class=\"alignnone wp-image-11352 size-medium\" src=\"https:\/\/agora.xtec.cat\/esc-teresabergada\/wp-content\/uploads\/usu1533\/2023\/02\/PATI-DIA-DE-LA-PAU-e1677065957547-300x225.jpg\" alt=\"\" width=\"300\" height=\"225\" srcset=\"https:\/\/agora.xtec.cat\/esc-teresabergada\/wp-content\/uploads\/usu1533\/2023\/02\/PATI-DIA-DE-LA-PAU-e1677065957547-300x225.jpg 300w, https:\/\/agora.xtec.cat\/esc-teresabergada\/wp-content\/uploads\/usu1533\/2023\/02\/PATI-DIA-DE-LA-PAU-e1677065957547-200x150.jpg 200w, https:\/\/agora.xtec.cat\/esc-teresabergada\/wp-content\/uploads\/usu1533\/2023\/02\/PATI-DIA-DE-LA-PAU-e1677065957547.jpg 591w\" sizes=\"auto, (max-width: 300px) 100vw, 300px\" \/><\/a><\/p>\n<p><span style=\"color: #008080\"><em>Els alumnes de l&#8217;escola canten una can\u00e7\u00f3.<\/em><\/span><\/p>\n<p>Esperem que us hagi agradat.<\/p>\n<p>&nbsp;<\/p>\n","protected":false},"excerpt":{"rendered":"<p>Despr\u00e9s d&#8217;haver treballat la tipologia textual de LA NOT\u00cdCIA. L&#8217;alumnat de 2n per equips cooperatius han intentat explicar en format not\u00edcia les activitats realitzades el dia 30 de gener ( la celebraci\u00f3 del dia de la Pau i no Viol\u00e8ncia).<br \/>\nAquesta \u00e9s:<br \/>\nDIA DE LA PAU<br \/>\nEl dia&hellip;  <a href=\"https:\/\/agora.xtec.cat\/esc-teresabergada\/blocs-de-primaria\/2n\/dia-de-la-pau-3\/\" title=\"Read DIA DE LA PAU\">Llegeix m\u00e9s\u00bb<\/a><\/p>\n","protected":false},"author":16,"featured_media":11351,"comment_status":"open","ping_status":"closed","sticky":false,"template":"","format":"standard","meta":{"_bbp_topic_count":0,"_bbp_reply_count":0,"_bbp_total_topic_count":0,"_bbp_total_reply_count":0,"_bbp_voice_count":0,"_bbp_anonymous_reply_count":0,"_bbp_topic_count_hidden":0,"_bbp_reply_count_hidden":0,"_bbp_forum_subforum_count":0,"footnotes":""},"categories":[348,153],"tags":[639,100,203,110,144,638],"class_list":["post-11346","post","type-post","status-publish","format-standard","has-post-thumbnail","hentry","category-1r","category-2n","tag-abracades","tag-canco","tag-contes","tag-dia-de-la-pau","tag-jocs","tag-jubilats"],"post_mailing_queue_ids":[],"_links":{"self":[{"href":"https:\/\/agora.xtec.cat\/esc-teresabergada\/wp-json\/wp\/v2\/posts\/11346","targetHints":{"allow":["GET"]}}],"collection":[{"href":"https:\/\/agora.xtec.cat\/esc-teresabergada\/wp-json\/wp\/v2\/posts"}],"about":[{"href":"https:\/\/agora.xtec.cat\/esc-teresabergada\/wp-json\/wp\/v2\/types\/post"}],"author":[{"embeddable":true,"href":"https:\/\/agora.xtec.cat\/esc-teresabergada\/wp-json\/wp\/v2\/users\/16"}],"replies":[{"embeddable":true,"href":"https:\/\/agora.xtec.cat\/esc-teresabergada\/wp-json\/wp\/v2\/comments?post=11346"}],"version-history":[{"count":1,"href":"https:\/\/agora.xtec.cat\/esc-teresabergada\/wp-json\/wp\/v2\/posts\/11346\/revisions"}],"predecessor-version":[{"id":11354,"href":"https:\/\/agora.xtec.cat\/esc-teresabergada\/wp-json\/wp\/v2\/posts\/11346\/revisions\/11354"}],"wp:featuredmedia":[{"embeddable":true,"href":"https:\/\/agora.xtec.cat\/esc-teresabergada\/wp-json\/wp\/v2\/media\/11351"}],"wp:attachment":[{"href":"https:\/\/agora.xtec.cat\/esc-teresabergada\/wp-json\/wp\/v2\/media?parent=11346"}],"wp:term":[{"taxonomy":"category","embeddable":true,"href":"https:\/\/agora.xtec.cat\/esc-teresabergada\/wp-json\/wp\/v2\/categories?post=11346"},{"taxonomy":"post_tag","embeddable":true,"href":"https:\/\/agora.xtec.cat\/esc-teresabergada\/wp-json\/wp\/v2\/tags?post=11346"}],"curies":[{"name":"wp","href":"https:\/\/api.w.org\/{rel}","templated":true}]}}