{"id":11329,"date":"2023-02-09T19:09:10","date_gmt":"2023-02-09T18:09:10","guid":{"rendered":"https:\/\/agora.xtec.cat\/esc-teresabergada\/?p=11329"},"modified":"2023-02-09T19:15:58","modified_gmt":"2023-02-09T18:15:58","slug":"tallers-cientifics-2","status":"publish","type":"post","link":"https:\/\/agora.xtec.cat\/esc-teresabergada\/blocs-de-primaria\/6e\/tallers-cientifics-2\/","title":{"rendered":"TALLERS CIENT\u00cdFICS"},"content":{"rendered":"<p style=\"text-align: justify\"><span style=\"font-weight: 400\">La setmana passada vam comen\u00e7ar el mes cient\u00edfic. Durant tot el febrer, des de 1r fins a 6\u00e8, farem tallers cient\u00edfics cada setmana. A cicle superior ens barregem nens i nenes de cinqu\u00e8 i sis\u00e8. Cada setmana passem per un taller cient\u00edfic diferent amb la Gemma, la M\u00edriam, la Raquel i la Marisa.<\/span><\/p>\n<p style=\"text-align: justify\"><span style=\"font-weight: 400\">Els tallers van relacionats amb temes de ci\u00e8ncia i tecnologia. Al llarg dels anys n\u2019hem fet de molt diferents. Hem treballat d\u2019on surt el paper, per qu\u00e8 serveixen les m\u00e0quines, com es produeix el so, com es formen els n\u00favols, per qu\u00e8 s\u2019enganxen els imants a la nevera, com ens ajuden els robots, com sabem que existeix l&#8217;aire, per qu\u00e8 suren els icebergs \u2753\u2753\u2753\u2026 Sempre partim d\u2019una pregunta, pensem hip\u00f2tesis, fem experiments i traiem conclusions entre tots.\u00a0<\/span><\/p>\n<p><a href=\"https:\/\/agora.xtec.cat\/esc-teresabergada\/wp-content\/uploads\/usu1533\/2023\/02\/ciencia-destacada-978x652-1.jpg\"><img loading=\"lazy\" decoding=\"async\" class=\" wp-image-11330\" src=\"https:\/\/agora.xtec.cat\/esc-teresabergada\/wp-content\/uploads\/usu1533\/2023\/02\/ciencia-destacada-978x652-1.jpg\" alt=\"\" width=\"582\" height=\"388\" srcset=\"https:\/\/agora.xtec.cat\/esc-teresabergada\/wp-content\/uploads\/usu1533\/2023\/02\/ciencia-destacada-978x652-1.jpg 978w, https:\/\/agora.xtec.cat\/esc-teresabergada\/wp-content\/uploads\/usu1533\/2023\/02\/ciencia-destacada-978x652-1-300x200.jpg 300w, https:\/\/agora.xtec.cat\/esc-teresabergada\/wp-content\/uploads\/usu1533\/2023\/02\/ciencia-destacada-978x652-1-768x512.jpg 768w\" sizes=\"auto, (max-width: 582px) 100vw, 582px\" \/><\/a><\/p>\n<p style=\"text-align: justify\"><span style=\"font-weight: 400\">Ens agrada molt treballar d\u2019aquesta manera perqu\u00e8 aix\u00ed aprenem fent experiments i \u00e9s m\u00e9s divertit!<\/span><\/p>\n<p><span style=\"font-weight: 400\">Nieves Diabate i Josep Barb\u00e9<\/span><\/p>\n","protected":false},"excerpt":{"rendered":"<p>La setmana passada vam comen\u00e7ar el mes cient\u00edfic. Durant tot el febrer, des de 1r fins a 6\u00e8, farem tallers cient\u00edfics cada setmana. A cicle superior ens barregem nens i nenes de cinqu\u00e8 i sis\u00e8. Cada setmana passem per un taller cient\u00edfic diferent amb la&hellip;  <a href=\"https:\/\/agora.xtec.cat\/esc-teresabergada\/blocs-de-primaria\/6e\/tallers-cientifics-2\/\" title=\"Read TALLERS CIENT\u00cdFICS\">Llegeix m\u00e9s\u00bb<\/a><\/p>\n","protected":false},"author":28,"featured_media":11331,"comment_status":"open","ping_status":"closed","sticky":false,"template":"","format":"standard","meta":{"_bbp_topic_count":0,"_bbp_reply_count":0,"_bbp_total_topic_count":0,"_bbp_total_reply_count":0,"_bbp_voice_count":0,"_bbp_anonymous_reply_count":0,"_bbp_topic_count_hidden":0,"_bbp_reply_count_hidden":0,"_bbp_forum_subforum_count":0,"footnotes":""},"categories":[349,240],"tags":[],"class_list":["post-11329","post","type-post","status-publish","format-standard","has-post-thumbnail","hentry","category-5e","category-6e"],"post_mailing_queue_ids":[],"_links":{"self":[{"href":"https:\/\/agora.xtec.cat\/esc-teresabergada\/wp-json\/wp\/v2\/posts\/11329","targetHints":{"allow":["GET"]}}],"collection":[{"href":"https:\/\/agora.xtec.cat\/esc-teresabergada\/wp-json\/wp\/v2\/posts"}],"about":[{"href":"https:\/\/agora.xtec.cat\/esc-teresabergada\/wp-json\/wp\/v2\/types\/post"}],"author":[{"embeddable":true,"href":"https:\/\/agora.xtec.cat\/esc-teresabergada\/wp-json\/wp\/v2\/users\/28"}],"replies":[{"embeddable":true,"href":"https:\/\/agora.xtec.cat\/esc-teresabergada\/wp-json\/wp\/v2\/comments?post=11329"}],"version-history":[{"count":3,"href":"https:\/\/agora.xtec.cat\/esc-teresabergada\/wp-json\/wp\/v2\/posts\/11329\/revisions"}],"predecessor-version":[{"id":11334,"href":"https:\/\/agora.xtec.cat\/esc-teresabergada\/wp-json\/wp\/v2\/posts\/11329\/revisions\/11334"}],"wp:featuredmedia":[{"embeddable":true,"href":"https:\/\/agora.xtec.cat\/esc-teresabergada\/wp-json\/wp\/v2\/media\/11331"}],"wp:attachment":[{"href":"https:\/\/agora.xtec.cat\/esc-teresabergada\/wp-json\/wp\/v2\/media?parent=11329"}],"wp:term":[{"taxonomy":"category","embeddable":true,"href":"https:\/\/agora.xtec.cat\/esc-teresabergada\/wp-json\/wp\/v2\/categories?post=11329"},{"taxonomy":"post_tag","embeddable":true,"href":"https:\/\/agora.xtec.cat\/esc-teresabergada\/wp-json\/wp\/v2\/tags?post=11329"}],"curies":[{"name":"wp","href":"https:\/\/api.w.org\/{rel}","templated":true}]}}