{"id":11301,"date":"2023-02-02T12:04:12","date_gmt":"2023-02-02T11:04:12","guid":{"rendered":"https:\/\/agora.xtec.cat\/esc-teresabergada\/?p=11301"},"modified":"2023-02-02T12:20:24","modified_gmt":"2023-02-02T11:20:24","slug":"dia-de-la-pau-i-la-no-violencia","status":"publish","type":"post","link":"https:\/\/agora.xtec.cat\/esc-teresabergada\/blocs-de-primaria\/6e\/dia-de-la-pau-i-la-no-violencia\/","title":{"rendered":"DIA DE LA PAU I LA NO VIOL\u00c8NCIA"},"content":{"rendered":"<p style=\"text-align: justify\"><span style=\"font-weight: 400\">Dilluns, 30 de gener, vam celebrar el dia de la pau i la no viol\u00e8ncia a l\u2019escola, tots junts.\u00a0<\/span><\/p>\n<p style=\"text-align: justify\"><span style=\"font-weight: 400\">Al mat\u00ed vam fer tallers diferents. A cicle superior en vam fer un d\u2019angl\u00e8s per acabar el dibuix d\u2019un nen i una nena donat-se la m\u00e0. Un altre, que ens va agradar molt, on vam fer polseres. La Bruna, com sabia fer polseres de quatre, ens va ensenyar als qui vol\u00edem aprendre.Tamb\u00e9 ens van repartir unes targetes per canviar a l\u2019hora del pati, que hav\u00edem de decorar amb motius de la pau. Cada classe tenia la targeta d\u2019un color diferent i es podien intercanviar donant-nos abra\u00e7ades.<\/span><\/p>\n<p><a href=\"https:\/\/agora.xtec.cat\/esc-teresabergada\/wp-content\/uploads\/usu1533\/2023\/02\/las-pulseras-scoubidou-diseno.jpg\"><img loading=\"lazy\" decoding=\"async\" class=\"alignnone  wp-image-11306\" src=\"https:\/\/agora.xtec.cat\/esc-teresabergada\/wp-content\/uploads\/usu1533\/2023\/02\/las-pulseras-scoubidou-diseno.jpg\" alt=\"\" width=\"271\" height=\"240\" srcset=\"https:\/\/agora.xtec.cat\/esc-teresabergada\/wp-content\/uploads\/usu1533\/2023\/02\/las-pulseras-scoubidou-diseno.jpg 500w, https:\/\/agora.xtec.cat\/esc-teresabergada\/wp-content\/uploads\/usu1533\/2023\/02\/las-pulseras-scoubidou-diseno-300x266.jpg 300w\" sizes=\"auto, (max-width: 271px) 100vw, 271px\" \/><\/a> \u00a0<a href=\"https:\/\/agora.xtec.cat\/esc-teresabergada\/wp-content\/uploads\/usu1533\/2023\/02\/1675336211819.jpg\"><img loading=\"lazy\" decoding=\"async\" class=\"alignnone  wp-image-11307\" src=\"https:\/\/agora.xtec.cat\/esc-teresabergada\/wp-content\/uploads\/usu1533\/2023\/02\/1675336211819-964x1024.jpg\" alt=\"\" width=\"226\" height=\"241\" srcset=\"https:\/\/agora.xtec.cat\/esc-teresabergada\/wp-content\/uploads\/usu1533\/2023\/02\/1675336211819-964x1024.jpg 964w, https:\/\/agora.xtec.cat\/esc-teresabergada\/wp-content\/uploads\/usu1533\/2023\/02\/1675336211819-283x300.jpg 283w, https:\/\/agora.xtec.cat\/esc-teresabergada\/wp-content\/uploads\/usu1533\/2023\/02\/1675336211819-768x815.jpg 768w, https:\/\/agora.xtec.cat\/esc-teresabergada\/wp-content\/uploads\/usu1533\/2023\/02\/1675336211819-1447x1536.jpg 1447w, https:\/\/agora.xtec.cat\/esc-teresabergada\/wp-content\/uploads\/usu1533\/2023\/02\/1675336211819.jpg 1507w\" sizes=\"auto, (max-width: 226px) 100vw, 226px\" \/> \u00a0<\/a><a href=\"https:\/\/agora.xtec.cat\/esc-teresabergada\/wp-content\/uploads\/usu1533\/2023\/02\/1675336584819-scaled.jpg\"><img loading=\"lazy\" decoding=\"async\" class=\"alignnone  wp-image-11309\" src=\"https:\/\/agora.xtec.cat\/esc-teresabergada\/wp-content\/uploads\/usu1533\/2023\/02\/1675336584819-1024x768.jpg\" alt=\"\" width=\"325\" height=\"244\" srcset=\"https:\/\/agora.xtec.cat\/esc-teresabergada\/wp-content\/uploads\/usu1533\/2023\/02\/1675336584819-1024x768.jpg 1024w, https:\/\/agora.xtec.cat\/esc-teresabergada\/wp-content\/uploads\/usu1533\/2023\/02\/1675336584819-300x225.jpg 300w, https:\/\/agora.xtec.cat\/esc-teresabergada\/wp-content\/uploads\/usu1533\/2023\/02\/1675336584819-768x576.jpg 768w, https:\/\/agora.xtec.cat\/esc-teresabergada\/wp-content\/uploads\/usu1533\/2023\/02\/1675336584819-1536x1152.jpg 1536w, https:\/\/agora.xtec.cat\/esc-teresabergada\/wp-content\/uploads\/usu1533\/2023\/02\/1675336584819-2048x1536.jpg 2048w, https:\/\/agora.xtec.cat\/esc-teresabergada\/wp-content\/uploads\/usu1533\/2023\/02\/1675336584819-200x150.jpg 200w\" sizes=\"auto, (max-width: 325px) 100vw, 325px\" \/><\/a><\/p>\n<p><span style=\"font-weight: 400\">Despr\u00e9s d\u2019esmorzar vam fer pati obert! Ens agrada molt perqu\u00e8 podem anar al pati dels petits i ells venir al nostre. Quan va acabar, ens vam seure a la pista, formant un rectangle, tots els cursos. La Tere, la directora, ens va explicar que no nom\u00e9s ens hem de fer abra\u00e7ades aquest dia, sin\u00f3 que sempre hi hauria d\u2019haver pau.\u00a0<\/span><\/p>\n<p style=\"text-align: justify\"><span style=\"font-weight: 400\">Junts, vam cantar la can\u00e7\u00f3 <\/span><i><span style=\"font-weight: 400\">\u201cEso que t\u00fa me das\u201d<\/span><\/i><span style=\"font-weight: 400\"> (de Jarabe de Palo). Despr\u00e9s, vam comen\u00e7ar amb l\u2019intercanvi d\u2019abra\u00e7ades. Vam estar una bona estona fent l\u2019activitat i intercanviant targetes i abra\u00e7ades amb diferents nens i nenes. Al final es tractava de tornar a la classe amb una targeta de diferent color.<\/span><\/p>\n<p style=\"text-align: justify\"><span style=\"font-weight: 400\">Ens va agradar molt aquesta experi\u00e8ncia, va ser \u00fanica!<\/span><\/p>\n<p>&nbsp;<\/p>\n<p><span style=\"font-weight: 400\">Fatoumata Diallo i Mariama Sillah<\/span><\/p>\n","protected":false},"excerpt":{"rendered":"<p>Dilluns, 30 de gener, vam celebrar el dia de la pau i la no viol\u00e8ncia a l\u2019escola, tots junts.\u00a0<br \/>\nAl mat\u00ed vam fer tallers diferents. A cicle superior en vam fer un d\u2019angl\u00e8s per acabar el dibuix d\u2019un nen i una nena donat-se la m\u00e0. Un&hellip;  <a href=\"https:\/\/agora.xtec.cat\/esc-teresabergada\/blocs-de-primaria\/6e\/dia-de-la-pau-i-la-no-violencia\/\" title=\"Read DIA DE LA PAU I LA NO VIOL\u00c8NCIA\">Llegeix m\u00e9s\u00bb<\/a><\/p>\n","protected":false},"author":28,"featured_media":11303,"comment_status":"open","ping_status":"closed","sticky":false,"template":"","format":"standard","meta":{"_bbp_topic_count":0,"_bbp_reply_count":0,"_bbp_total_topic_count":0,"_bbp_total_reply_count":0,"_bbp_voice_count":0,"_bbp_anonymous_reply_count":0,"_bbp_topic_count_hidden":0,"_bbp_reply_count_hidden":0,"_bbp_forum_subforum_count":0,"footnotes":""},"categories":[349,240],"tags":[],"class_list":["post-11301","post","type-post","status-publish","format-standard","has-post-thumbnail","hentry","category-5e","category-6e"],"post_mailing_queue_ids":[],"_links":{"self":[{"href":"https:\/\/agora.xtec.cat\/esc-teresabergada\/wp-json\/wp\/v2\/posts\/11301","targetHints":{"allow":["GET"]}}],"collection":[{"href":"https:\/\/agora.xtec.cat\/esc-teresabergada\/wp-json\/wp\/v2\/posts"}],"about":[{"href":"https:\/\/agora.xtec.cat\/esc-teresabergada\/wp-json\/wp\/v2\/types\/post"}],"author":[{"embeddable":true,"href":"https:\/\/agora.xtec.cat\/esc-teresabergada\/wp-json\/wp\/v2\/users\/28"}],"replies":[{"embeddable":true,"href":"https:\/\/agora.xtec.cat\/esc-teresabergada\/wp-json\/wp\/v2\/comments?post=11301"}],"version-history":[{"count":3,"href":"https:\/\/agora.xtec.cat\/esc-teresabergada\/wp-json\/wp\/v2\/posts\/11301\/revisions"}],"predecessor-version":[{"id":11310,"href":"https:\/\/agora.xtec.cat\/esc-teresabergada\/wp-json\/wp\/v2\/posts\/11301\/revisions\/11310"}],"wp:featuredmedia":[{"embeddable":true,"href":"https:\/\/agora.xtec.cat\/esc-teresabergada\/wp-json\/wp\/v2\/media\/11303"}],"wp:attachment":[{"href":"https:\/\/agora.xtec.cat\/esc-teresabergada\/wp-json\/wp\/v2\/media?parent=11301"}],"wp:term":[{"taxonomy":"category","embeddable":true,"href":"https:\/\/agora.xtec.cat\/esc-teresabergada\/wp-json\/wp\/v2\/categories?post=11301"},{"taxonomy":"post_tag","embeddable":true,"href":"https:\/\/agora.xtec.cat\/esc-teresabergada\/wp-json\/wp\/v2\/tags?post=11301"}],"curies":[{"name":"wp","href":"https:\/\/api.w.org\/{rel}","templated":true}]}}