{"id":11298,"date":"2022-12-23T12:59:59","date_gmt":"2022-12-23T11:59:59","guid":{"rendered":"https:\/\/agora.xtec.cat\/esc-teresabergada\/?p=11298"},"modified":"2023-02-03T13:19:06","modified_gmt":"2023-02-03T12:19:06","slug":"cantada-de-nadales-2022","status":"publish","type":"post","link":"https:\/\/agora.xtec.cat\/esc-teresabergada\/general\/cantada-de-nadales-2022\/","title":{"rendered":"CANTADA DE NADALES 2022"},"content":{"rendered":"<p>El dia 21 de desembre vam tornar a celebrar la cantada de nadales, ja que per la pandemia s&#8217;havia cancelat. Teniem moltes ganes de poder compartir amb tots els pares i mares o familiars, les nadales que vam estar preparant des de feia setmanes.<\/p>\n<p>Us desitgem que passeu unes molt Bones Festes, que puguem gaudir-les amb els m\u00e9s propers, sobretot, i que l&#8217;any que est\u00e0 a punt de comen\u00e7ar sigui millor que el que ja s&#8217;acaba.<\/p>\n<p>Bon Nadal a tothom, i feli\u00e7 entrada al 2023.<\/p>\n","protected":false},"excerpt":{"rendered":"<p>El dia 21 de desembre vam tornar a celebrar la cantada de nadales, ja que per la pandemia s&#8217;havia cancelat. Teniem moltes ganes de poder compartir amb tots els pares i mares o familiars, les nadales que vam estar preparant des de feia setmanes.<br \/>\nUs desitgem&hellip;  <a href=\"https:\/\/agora.xtec.cat\/esc-teresabergada\/general\/cantada-de-nadales-2022\/\" title=\"Read CANTADA DE NADALES 2022\">Llegeix m\u00e9s\u00bb<\/a><\/p>\n","protected":false},"author":1,"featured_media":11322,"comment_status":"open","ping_status":"closed","sticky":false,"template":"","format":"standard","meta":{"_bbp_topic_count":0,"_bbp_reply_count":0,"_bbp_total_topic_count":0,"_bbp_total_reply_count":0,"_bbp_voice_count":0,"_bbp_anonymous_reply_count":0,"_bbp_topic_count_hidden":0,"_bbp_reply_count_hidden":0,"_bbp_forum_subforum_count":0,"footnotes":""},"categories":[1,4],"tags":[],"class_list":["post-11298","post","type-post","status-publish","format-standard","has-post-thumbnail","hentry","category-general","category-portada"],"post_mailing_queue_ids":[],"_links":{"self":[{"href":"https:\/\/agora.xtec.cat\/esc-teresabergada\/wp-json\/wp\/v2\/posts\/11298","targetHints":{"allow":["GET"]}}],"collection":[{"href":"https:\/\/agora.xtec.cat\/esc-teresabergada\/wp-json\/wp\/v2\/posts"}],"about":[{"href":"https:\/\/agora.xtec.cat\/esc-teresabergada\/wp-json\/wp\/v2\/types\/post"}],"author":[{"embeddable":true,"href":"https:\/\/agora.xtec.cat\/esc-teresabergada\/wp-json\/wp\/v2\/users\/1"}],"replies":[{"embeddable":true,"href":"https:\/\/agora.xtec.cat\/esc-teresabergada\/wp-json\/wp\/v2\/comments?post=11298"}],"version-history":[{"count":3,"href":"https:\/\/agora.xtec.cat\/esc-teresabergada\/wp-json\/wp\/v2\/posts\/11298\/revisions"}],"predecessor-version":[{"id":11323,"href":"https:\/\/agora.xtec.cat\/esc-teresabergada\/wp-json\/wp\/v2\/posts\/11298\/revisions\/11323"}],"wp:featuredmedia":[{"embeddable":true,"href":"https:\/\/agora.xtec.cat\/esc-teresabergada\/wp-json\/wp\/v2\/media\/11322"}],"wp:attachment":[{"href":"https:\/\/agora.xtec.cat\/esc-teresabergada\/wp-json\/wp\/v2\/media?parent=11298"}],"wp:term":[{"taxonomy":"category","embeddable":true,"href":"https:\/\/agora.xtec.cat\/esc-teresabergada\/wp-json\/wp\/v2\/categories?post=11298"},{"taxonomy":"post_tag","embeddable":true,"href":"https:\/\/agora.xtec.cat\/esc-teresabergada\/wp-json\/wp\/v2\/tags?post=11298"}],"curies":[{"name":"wp","href":"https:\/\/api.w.org\/{rel}","templated":true}]}}