{"id":11292,"date":"2023-02-01T13:14:56","date_gmt":"2023-02-01T12:14:56","guid":{"rendered":"https:\/\/agora.xtec.cat\/esc-teresabergada\/?p=11292"},"modified":"2023-02-09T15:52:34","modified_gmt":"2023-02-09T14:52:34","slug":"celebrem-el-dia-de-la-pau","status":"publish","type":"post","link":"https:\/\/agora.xtec.cat\/esc-teresabergada\/general\/celebrem-el-dia-de-la-pau\/","title":{"rendered":"CELEBREM EL DIA DE LA PAU"},"content":{"rendered":"<p style=\"text-align: justify;\">Com cada dia 30 de gener, a l&#8217;escola, es celebra el dia de la Pau.\u00a0 Hem fet tallers pel mat\u00ed. Tamb\u00e9 hem fet pati obert, fet que ha agradat molts als alumnes de tots els cursos. I per finalitzar la celebraci\u00f3, ens hem regalat abra\u00e7ades amb tots els alumnes de l&#8217;escola i hem cantat la can\u00e7\u00f3 &#8220;Eso que tu me das&#8221; de Jarabe de Palo.<\/p>\n<p style=\"text-align: justify;\">*Recordeu que podeu veure les fotos del dia de la Pau a l&#8217;enlla\u00e7 de la carpeta de fotos del DRIVE.<\/p>\n","protected":false},"excerpt":{"rendered":"<p>Com cada dia 30 de gener, a l&#8217;escola, es celebra el dia de la Pau.\u00a0 Hem fet tallers pel mat\u00ed. Tamb\u00e9 hem fet pati obert, fet que ha agradat molts als alumnes de tots els cursos. I per finalitzar la celebraci\u00f3, ens hem regalat abra\u00e7ades&hellip;  <a href=\"https:\/\/agora.xtec.cat\/esc-teresabergada\/general\/celebrem-el-dia-de-la-pau\/\" title=\"Read CELEBREM EL DIA DE LA PAU\">Llegeix m\u00e9s\u00bb<\/a><\/p>\n","protected":false},"author":1,"featured_media":11320,"comment_status":"open","ping_status":"closed","sticky":false,"template":"","format":"standard","meta":{"_bbp_topic_count":0,"_bbp_reply_count":0,"_bbp_total_topic_count":0,"_bbp_total_reply_count":0,"_bbp_voice_count":0,"_bbp_anonymous_reply_count":0,"_bbp_topic_count_hidden":0,"_bbp_reply_count_hidden":0,"_bbp_forum_subforum_count":0,"footnotes":""},"categories":[1,4],"tags":[],"class_list":["post-11292","post","type-post","status-publish","format-standard","has-post-thumbnail","hentry","category-general","category-portada"],"post_mailing_queue_ids":[],"_links":{"self":[{"href":"https:\/\/agora.xtec.cat\/esc-teresabergada\/wp-json\/wp\/v2\/posts\/11292","targetHints":{"allow":["GET"]}}],"collection":[{"href":"https:\/\/agora.xtec.cat\/esc-teresabergada\/wp-json\/wp\/v2\/posts"}],"about":[{"href":"https:\/\/agora.xtec.cat\/esc-teresabergada\/wp-json\/wp\/v2\/types\/post"}],"author":[{"embeddable":true,"href":"https:\/\/agora.xtec.cat\/esc-teresabergada\/wp-json\/wp\/v2\/users\/1"}],"replies":[{"embeddable":true,"href":"https:\/\/agora.xtec.cat\/esc-teresabergada\/wp-json\/wp\/v2\/comments?post=11292"}],"version-history":[{"count":2,"href":"https:\/\/agora.xtec.cat\/esc-teresabergada\/wp-json\/wp\/v2\/posts\/11292\/revisions"}],"predecessor-version":[{"id":11321,"href":"https:\/\/agora.xtec.cat\/esc-teresabergada\/wp-json\/wp\/v2\/posts\/11292\/revisions\/11321"}],"wp:featuredmedia":[{"embeddable":true,"href":"https:\/\/agora.xtec.cat\/esc-teresabergada\/wp-json\/wp\/v2\/media\/11320"}],"wp:attachment":[{"href":"https:\/\/agora.xtec.cat\/esc-teresabergada\/wp-json\/wp\/v2\/media?parent=11292"}],"wp:term":[{"taxonomy":"category","embeddable":true,"href":"https:\/\/agora.xtec.cat\/esc-teresabergada\/wp-json\/wp\/v2\/categories?post=11292"},{"taxonomy":"post_tag","embeddable":true,"href":"https:\/\/agora.xtec.cat\/esc-teresabergada\/wp-json\/wp\/v2\/tags?post=11292"}],"curies":[{"name":"wp","href":"https:\/\/api.w.org\/{rel}","templated":true}]}}