{"id":11248,"date":"2023-01-12T12:27:41","date_gmt":"2023-01-12T11:27:41","guid":{"rendered":"https:\/\/agora.xtec.cat\/esc-teresabergada\/?p=11248"},"modified":"2023-01-12T12:29:14","modified_gmt":"2023-01-12T11:29:14","slug":"el-nadal","status":"publish","type":"post","link":"https:\/\/agora.xtec.cat\/esc-teresabergada\/blocs-de-primaria\/6e\/el-nadal\/","title":{"rendered":"EL NADAL"},"content":{"rendered":"<p style=\"text-align: justify\"><span style=\"font-weight: 400\">Els dies de Nadal, a l\u2019escola, van ser molt divertits perqu\u00e8 ens va portar regals la soca. A tot cicle superior, ens va portar retoladors lettering per cada classe i per cada nen\/a un joc que es diu Mikado. L&#8217;\u00faltim dia del trimestre el vam celebrar fent l&#8217;amic\/ga invisible a la classe i el festival de Nadal amb tota l&#8217;escola i les fam\u00edlies, al casal del poble. L\u2019alumnat de sis\u00e8 vam ballar la can\u00e7\u00f3 \u201cPenso en t\u00fa\u201d.<\/span><\/p>\n<p><a href=\"https:\/\/agora.xtec.cat\/esc-teresabergada\/wp-content\/uploads\/usu1533\/2023\/01\/1673522463268.jpg\"><img loading=\"lazy\" decoding=\"async\" class=\"alignnone wp-image-11249\" src=\"https:\/\/agora.xtec.cat\/esc-teresabergada\/wp-content\/uploads\/usu1533\/2023\/01\/1673522463268-1024x911.jpg\" alt=\"\" width=\"292\" height=\"260\" srcset=\"https:\/\/agora.xtec.cat\/esc-teresabergada\/wp-content\/uploads\/usu1533\/2023\/01\/1673522463268-1024x911.jpg 1024w, https:\/\/agora.xtec.cat\/esc-teresabergada\/wp-content\/uploads\/usu1533\/2023\/01\/1673522463268-300x267.jpg 300w, https:\/\/agora.xtec.cat\/esc-teresabergada\/wp-content\/uploads\/usu1533\/2023\/01\/1673522463268-768x683.jpg 768w, https:\/\/agora.xtec.cat\/esc-teresabergada\/wp-content\/uploads\/usu1533\/2023\/01\/1673522463268-1536x1366.jpg 1536w, https:\/\/agora.xtec.cat\/esc-teresabergada\/wp-content\/uploads\/usu1533\/2023\/01\/1673522463268.jpg 1792w\" sizes=\"auto, (max-width: 292px) 100vw, 292px\" \/><\/a><\/p>\n<p style=\"text-align: justify\"><span style=\"font-weight: 400\">Quan va acabar el primer trimestre van venir les vacances de Nadal i vam tenir dos setmanes i mitja de festa! Hem aprofitat per fer diferents activitats amb la fam\u00edlia i tamb\u00e9 descansar. Tamb\u00e9 vam anar a la cavalcada dels reis mags. I sobretot, ens han regalat molts regals la soca, els reis i el Pare Noel.<\/span><\/p>\n<p style=\"text-align: justify\"><span style=\"font-weight: 400\">Aquestes vacances han sigut molt divertides!<\/span><\/p>\n<p><span style=\"font-weight: 400\">Joan Escuer i Jan Bantolra<\/span><\/p>\n","protected":false},"excerpt":{"rendered":"<p>Els dies de Nadal, a l\u2019escola, van ser molt divertits perqu\u00e8 ens va portar regals la soca. A tot cicle superior, ens va portar retoladors lettering per cada classe i per cada nen\/a un joc que es diu Mikado. L&#8217;\u00faltim dia del trimestre el vam&hellip;  <a href=\"https:\/\/agora.xtec.cat\/esc-teresabergada\/blocs-de-primaria\/6e\/el-nadal\/\" title=\"Read EL NADAL\">Llegeix m\u00e9s\u00bb<\/a><\/p>\n","protected":false},"author":28,"featured_media":11250,"comment_status":"open","ping_status":"closed","sticky":false,"template":"","format":"standard","meta":{"_bbp_topic_count":0,"_bbp_reply_count":0,"_bbp_total_topic_count":0,"_bbp_total_reply_count":0,"_bbp_voice_count":0,"_bbp_anonymous_reply_count":0,"_bbp_topic_count_hidden":0,"_bbp_reply_count_hidden":0,"_bbp_forum_subforum_count":0,"footnotes":""},"categories":[349,240],"tags":[],"class_list":["post-11248","post","type-post","status-publish","format-standard","has-post-thumbnail","hentry","category-5e","category-6e"],"post_mailing_queue_ids":[],"_links":{"self":[{"href":"https:\/\/agora.xtec.cat\/esc-teresabergada\/wp-json\/wp\/v2\/posts\/11248","targetHints":{"allow":["GET"]}}],"collection":[{"href":"https:\/\/agora.xtec.cat\/esc-teresabergada\/wp-json\/wp\/v2\/posts"}],"about":[{"href":"https:\/\/agora.xtec.cat\/esc-teresabergada\/wp-json\/wp\/v2\/types\/post"}],"author":[{"embeddable":true,"href":"https:\/\/agora.xtec.cat\/esc-teresabergada\/wp-json\/wp\/v2\/users\/28"}],"replies":[{"embeddable":true,"href":"https:\/\/agora.xtec.cat\/esc-teresabergada\/wp-json\/wp\/v2\/comments?post=11248"}],"version-history":[{"count":2,"href":"https:\/\/agora.xtec.cat\/esc-teresabergada\/wp-json\/wp\/v2\/posts\/11248\/revisions"}],"predecessor-version":[{"id":11252,"href":"https:\/\/agora.xtec.cat\/esc-teresabergada\/wp-json\/wp\/v2\/posts\/11248\/revisions\/11252"}],"wp:featuredmedia":[{"embeddable":true,"href":"https:\/\/agora.xtec.cat\/esc-teresabergada\/wp-json\/wp\/v2\/media\/11250"}],"wp:attachment":[{"href":"https:\/\/agora.xtec.cat\/esc-teresabergada\/wp-json\/wp\/v2\/media?parent=11248"}],"wp:term":[{"taxonomy":"category","embeddable":true,"href":"https:\/\/agora.xtec.cat\/esc-teresabergada\/wp-json\/wp\/v2\/categories?post=11248"},{"taxonomy":"post_tag","embeddable":true,"href":"https:\/\/agora.xtec.cat\/esc-teresabergada\/wp-json\/wp\/v2\/tags?post=11248"}],"curies":[{"name":"wp","href":"https:\/\/api.w.org\/{rel}","templated":true}]}}