{"id":11239,"date":"2023-01-12T12:45:59","date_gmt":"2023-01-12T11:45:59","guid":{"rendered":"https:\/\/agora.xtec.cat\/esc-teresabergada\/?p=11239"},"modified":"2023-01-12T12:45:59","modified_gmt":"2023-01-12T11:45:59","slug":"activitats-de-nadal","status":"publish","type":"post","link":"https:\/\/agora.xtec.cat\/esc-teresabergada\/blocs-de-primaria\/2n\/activitats-de-nadal\/","title":{"rendered":"Activitats de Nadal"},"content":{"rendered":"<p>Els dies previs al Nadal, tot era nervis i emoci\u00f3:<\/p>\n<p>A l&#8217;escola va arribar la soca!\u00a0 i l&#8217;alumnat de Cicle Inicial va agafar els bastons i no va dubtar en donar-li cops ben fort fins que va cagar uns regalets! Quina alegria!<\/p>\n<p>Tamb\u00e9 es va pensar en algunes cosetes per demanar als Reis Mags d&#8217;Orient, aix\u00ed que els vam fer una carta i despr\u00e9s li vam donar al Sr. Camarlenc (que ens va venir a visitar a l&#8217;escola) per tal que la fes arribar als Reis.<\/p>\n<p>En arribar a l&#8217;escola, despr\u00e9s de les vacances, a la classe, els Reis ens han dut uns contes d&#8217;animals molt interessants!<\/p>\n<p>A l&#8217;acc\u00e9s que ja es va donar al Drive trobareu totes les fotografies on\u00a0 podreu veure\u00a0 aquestes activitats.<\/p>\n<p>&nbsp;<\/p>\n","protected":false},"excerpt":{"rendered":"<p>Els dies previs al Nadal, tot era nervis i emoci\u00f3:<br \/>\nA l&#8217;escola va arribar la soca!\u00a0 i l&#8217;alumnat de Cicle Inicial va agafar els bastons i no va dubtar en donar-li cops ben fort fins que va cagar uns regalets! Quina alegria!<br \/>\nTamb\u00e9 es va pensar en&hellip;  <a href=\"https:\/\/agora.xtec.cat\/esc-teresabergada\/blocs-de-primaria\/2n\/activitats-de-nadal\/\" title=\"Read Activitats de Nadal\">Llegeix m\u00e9s\u00bb<\/a><\/p>\n","protected":false},"author":16,"featured_media":11244,"comment_status":"open","ping_status":"closed","sticky":false,"template":"","format":"standard","meta":{"_bbp_topic_count":0,"_bbp_reply_count":0,"_bbp_total_topic_count":0,"_bbp_total_reply_count":0,"_bbp_voice_count":0,"_bbp_anonymous_reply_count":0,"_bbp_topic_count_hidden":0,"_bbp_reply_count_hidden":0,"_bbp_forum_subforum_count":0,"footnotes":""},"categories":[348,153],"tags":[361,278,71,545,55],"class_list":["post-11239","post","type-post","status-publish","format-standard","has-post-thumbnail","hentry","category-1r","category-2n","tag-camarlenc","tag-hivern","tag-nadal","tag-soca","tag-tradicions"],"post_mailing_queue_ids":[],"_links":{"self":[{"href":"https:\/\/agora.xtec.cat\/esc-teresabergada\/wp-json\/wp\/v2\/posts\/11239","targetHints":{"allow":["GET"]}}],"collection":[{"href":"https:\/\/agora.xtec.cat\/esc-teresabergada\/wp-json\/wp\/v2\/posts"}],"about":[{"href":"https:\/\/agora.xtec.cat\/esc-teresabergada\/wp-json\/wp\/v2\/types\/post"}],"author":[{"embeddable":true,"href":"https:\/\/agora.xtec.cat\/esc-teresabergada\/wp-json\/wp\/v2\/users\/16"}],"replies":[{"embeddable":true,"href":"https:\/\/agora.xtec.cat\/esc-teresabergada\/wp-json\/wp\/v2\/comments?post=11239"}],"version-history":[{"count":3,"href":"https:\/\/agora.xtec.cat\/esc-teresabergada\/wp-json\/wp\/v2\/posts\/11239\/revisions"}],"predecessor-version":[{"id":11247,"href":"https:\/\/agora.xtec.cat\/esc-teresabergada\/wp-json\/wp\/v2\/posts\/11239\/revisions\/11247"}],"wp:featuredmedia":[{"embeddable":true,"href":"https:\/\/agora.xtec.cat\/esc-teresabergada\/wp-json\/wp\/v2\/media\/11244"}],"wp:attachment":[{"href":"https:\/\/agora.xtec.cat\/esc-teresabergada\/wp-json\/wp\/v2\/media?parent=11239"}],"wp:term":[{"taxonomy":"category","embeddable":true,"href":"https:\/\/agora.xtec.cat\/esc-teresabergada\/wp-json\/wp\/v2\/categories?post=11239"},{"taxonomy":"post_tag","embeddable":true,"href":"https:\/\/agora.xtec.cat\/esc-teresabergada\/wp-json\/wp\/v2\/tags?post=11239"}],"curies":[{"name":"wp","href":"https:\/\/api.w.org\/{rel}","templated":true}]}}