{"id":11223,"date":"2023-01-09T13:09:01","date_gmt":"2023-01-09T12:09:01","guid":{"rendered":"https:\/\/agora.xtec.cat\/esc-teresabergada\/?p=11223"},"modified":"2023-01-09T13:16:28","modified_gmt":"2023-01-09T12:16:28","slug":"implementacio-de-pictogrames-a-lescola-per-afavorir-la-inclusio","status":"publish","type":"post","link":"https:\/\/agora.xtec.cat\/esc-teresabergada\/siei\/implementacio-de-pictogrames-a-lescola-per-afavorir-la-inclusio\/","title":{"rendered":"IMPLEMENTACI\u00d3 DE PICTOGRAMES A L&#8217;ESCOLA PER AFAVORIR LA INCLUSI\u00d3"},"content":{"rendered":"<p>Benvinguts i benvingudes fam\u00edlies al nou espai del SIEI al blog de l\u2019escola.<\/p>\n<p>El curs 2021-2022 l\u2019Escola Teresa Bergad\u00e0 d\u2019Alguaire va posar en marxa el projecte del SIEI (Suport intensiu d\u2019escolaritzaci\u00f3 inclusiva), el qual proporciona a l\u2019escola una dotaci\u00f3 extraordin\u00e0ria de professionals (mestra E.E i educadora E.E) per donar suport als alumnes.<\/p>\n<p>A trav\u00e9s del SIEI, s\u2019ha engegat un nou projecte aquest nou curs adre\u00e7at als i les alumnes de l\u2019escola que presenten necessitats educatives especials. El projecte rep el nom de: Pictografiem l\u2019escola per afavorir la inclusi\u00f3<\/p>\n<p><b>Perqu\u00e8 ho fem?\u00a0<\/b><\/p>\n<p>Aquest projecte sorgeix de la necessitat de facilitar la comunicaci\u00f3, l&#8217;accessibilitat cognitiva i l\u2019autonomia personal dels nostres alumnes i aix\u00ed afavorir la inclusi\u00f3 dels alumnes, principalment d\u2019aquells que presenten m\u00e9s dificultats.\u00a0 Ajudem al fet que la comunicaci\u00f3 de les persones sigui accessible i universal.<\/p>\n<p><b>Com ho fem?<\/b><\/p>\n<p>Abans de posar en pr\u00e0ctica aquest projecte, vam voler observar escoles que ja tenen implementats en el seu dia a dia aquests tipus de projectes als seus centres. All\u00ed ens van explicar el funcionament d\u2019aquests espais pictografiats i la interacci\u00f3 que els seus alumnes hi fan. Un cop analitzat com posaven en pr\u00e0ctica un projecte d\u2019aquestes caracter\u00edstiques a una escola especialitzada, vam fer una llista de tots els espais que tenim a la nostra escola i\u00a0 que necessit\u00e0vem pictografiar, a continuaci\u00f3 vam\u00a0 buscar, imprimir, plastificar i enganxar als espais corresponents els pictogrames. Vam utilitzar els pictogrames de l\u2019ARASAAC, un portal Aragon\u00e9s oficial de comunicaci\u00f3 augmentativa i alternativa.<\/p>\n<p>&nbsp;<\/p>\n<p><a href=\"https:\/\/agora.xtec.cat\/esc-teresabergada\/wp-content\/uploads\/usu1533\/2023\/01\/WhatsApp-Image-2023-01-09-at-12.52.02.jpeg\"><img loading=\"lazy\" decoding=\"async\" class=\"alignnone size-medium wp-image-11226\" src=\"https:\/\/agora.xtec.cat\/esc-teresabergada\/wp-content\/uploads\/usu1533\/2023\/01\/WhatsApp-Image-2023-01-09-at-12.52.02-225x300.jpeg\" alt=\"\" width=\"225\" height=\"300\" srcset=\"https:\/\/agora.xtec.cat\/esc-teresabergada\/wp-content\/uploads\/usu1533\/2023\/01\/WhatsApp-Image-2023-01-09-at-12.52.02-225x300.jpeg 225w, https:\/\/agora.xtec.cat\/esc-teresabergada\/wp-content\/uploads\/usu1533\/2023\/01\/WhatsApp-Image-2023-01-09-at-12.52.02-768x1024.jpeg 768w, https:\/\/agora.xtec.cat\/esc-teresabergada\/wp-content\/uploads\/usu1533\/2023\/01\/WhatsApp-Image-2023-01-09-at-12.52.02-1152x1536.jpeg 1152w, https:\/\/agora.xtec.cat\/esc-teresabergada\/wp-content\/uploads\/usu1533\/2023\/01\/WhatsApp-Image-2023-01-09-at-12.52.02.jpeg 1200w\" sizes=\"auto, (max-width: 225px) 100vw, 225px\" \/><\/a><a href=\"https:\/\/agora.xtec.cat\/esc-teresabergada\/wp-content\/uploads\/usu1533\/2023\/01\/123.jpg\"><img loading=\"lazy\" decoding=\"async\" class=\"alignnone wp-image-11229 size-medium\" src=\"https:\/\/agora.xtec.cat\/esc-teresabergada\/wp-content\/uploads\/usu1533\/2023\/01\/123-225x300.jpg\" alt=\"\" width=\"225\" height=\"300\" srcset=\"https:\/\/agora.xtec.cat\/esc-teresabergada\/wp-content\/uploads\/usu1533\/2023\/01\/123-225x300.jpg 225w, https:\/\/agora.xtec.cat\/esc-teresabergada\/wp-content\/uploads\/usu1533\/2023\/01\/123-768x1024.jpg 768w, https:\/\/agora.xtec.cat\/esc-teresabergada\/wp-content\/uploads\/usu1533\/2023\/01\/123-1152x1536.jpg 1152w, https:\/\/agora.xtec.cat\/esc-teresabergada\/wp-content\/uploads\/usu1533\/2023\/01\/123.jpg 1200w\" sizes=\"auto, (max-width: 225px) 100vw, 225px\" \/><\/a><a href=\"https:\/\/agora.xtec.cat\/esc-teresabergada\/wp-content\/uploads\/usu1533\/2023\/01\/WhatsApp-Image-2023-01-09-at-12.52.01.jpeg\"><img loading=\"lazy\" decoding=\"async\" class=\"alignnone size-medium wp-image-11225\" src=\"https:\/\/agora.xtec.cat\/esc-teresabergada\/wp-content\/uploads\/usu1533\/2023\/01\/WhatsApp-Image-2023-01-09-at-12.52.01-225x300.jpeg\" alt=\"\" width=\"225\" height=\"300\" srcset=\"https:\/\/agora.xtec.cat\/esc-teresabergada\/wp-content\/uploads\/usu1533\/2023\/01\/WhatsApp-Image-2023-01-09-at-12.52.01-225x300.jpeg 225w, https:\/\/agora.xtec.cat\/esc-teresabergada\/wp-content\/uploads\/usu1533\/2023\/01\/WhatsApp-Image-2023-01-09-at-12.52.01-768x1024.jpeg 768w, https:\/\/agora.xtec.cat\/esc-teresabergada\/wp-content\/uploads\/usu1533\/2023\/01\/WhatsApp-Image-2023-01-09-at-12.52.01-1152x1536.jpeg 1152w, https:\/\/agora.xtec.cat\/esc-teresabergada\/wp-content\/uploads\/usu1533\/2023\/01\/WhatsApp-Image-2023-01-09-at-12.52.01.jpeg 1200w\" sizes=\"auto, (max-width: 225px) 100vw, 225px\" \/><\/a> <a href=\"https:\/\/agora.xtec.cat\/esc-teresabergada\/wp-content\/uploads\/usu1533\/2023\/01\/4.jpg\"><img loading=\"lazy\" decoding=\"async\" class=\"alignnone size-medium wp-image-11228\" src=\"https:\/\/agora.xtec.cat\/esc-teresabergada\/wp-content\/uploads\/usu1533\/2023\/01\/4-225x300.jpg\" alt=\"\" width=\"225\" height=\"300\" \/><\/a> <a href=\"https:\/\/agora.xtec.cat\/esc-teresabergada\/wp-content\/uploads\/usu1533\/2023\/01\/WhatsApp-Image-2023-01-09-at-12.52.011.jpeg\"><img loading=\"lazy\" decoding=\"async\" class=\"alignnone size-medium wp-image-11224\" src=\"https:\/\/agora.xtec.cat\/esc-teresabergada\/wp-content\/uploads\/usu1533\/2023\/01\/WhatsApp-Image-2023-01-09-at-12.52.011-225x300.jpeg\" alt=\"\" width=\"225\" height=\"300\" srcset=\"https:\/\/agora.xtec.cat\/esc-teresabergada\/wp-content\/uploads\/usu1533\/2023\/01\/WhatsApp-Image-2023-01-09-at-12.52.011-225x300.jpeg 225w, https:\/\/agora.xtec.cat\/esc-teresabergada\/wp-content\/uploads\/usu1533\/2023\/01\/WhatsApp-Image-2023-01-09-at-12.52.011-768x1024.jpeg 768w, https:\/\/agora.xtec.cat\/esc-teresabergada\/wp-content\/uploads\/usu1533\/2023\/01\/WhatsApp-Image-2023-01-09-at-12.52.011-1152x1536.jpeg 1152w, https:\/\/agora.xtec.cat\/esc-teresabergada\/wp-content\/uploads\/usu1533\/2023\/01\/WhatsApp-Image-2023-01-09-at-12.52.011.jpeg 1200w\" sizes=\"auto, (max-width: 225px) 100vw, 225px\" \/><\/a><\/p>\n","protected":false},"excerpt":{"rendered":"<p>Benvinguts i benvingudes fam\u00edlies al nou espai del SIEI al blog de l\u2019escola.<br \/>\nEl curs 2021-2022 l\u2019Escola Teresa Bergad\u00e0 d\u2019Alguaire va posar en marxa el projecte del SIEI (Suport intensiu d\u2019escolaritzaci\u00f3 inclusiva), el qual proporciona a l\u2019escola una dotaci\u00f3 extraordin\u00e0ria de professionals (mestra E.E i educadora&hellip;  <a href=\"https:\/\/agora.xtec.cat\/esc-teresabergada\/siei\/implementacio-de-pictogrames-a-lescola-per-afavorir-la-inclusio\/\" title=\"Read IMPLEMENTACI\u00d3 DE PICTOGRAMES A L&#8217;ESCOLA PER AFAVORIR LA INCLUSI\u00d3\">Llegeix m\u00e9s\u00bb<\/a><\/p>\n","protected":false},"author":1,"featured_media":11228,"comment_status":"open","ping_status":"closed","sticky":false,"template":"","format":"standard","meta":{"_bbp_topic_count":0,"_bbp_reply_count":0,"_bbp_total_topic_count":0,"_bbp_total_reply_count":0,"_bbp_voice_count":0,"_bbp_anonymous_reply_count":0,"_bbp_topic_count_hidden":0,"_bbp_reply_count_hidden":0,"_bbp_forum_subforum_count":0,"footnotes":""},"categories":[636],"tags":[],"class_list":["post-11223","post","type-post","status-publish","format-standard","has-post-thumbnail","hentry","category-siei"],"post_mailing_queue_ids":[],"_links":{"self":[{"href":"https:\/\/agora.xtec.cat\/esc-teresabergada\/wp-json\/wp\/v2\/posts\/11223","targetHints":{"allow":["GET"]}}],"collection":[{"href":"https:\/\/agora.xtec.cat\/esc-teresabergada\/wp-json\/wp\/v2\/posts"}],"about":[{"href":"https:\/\/agora.xtec.cat\/esc-teresabergada\/wp-json\/wp\/v2\/types\/post"}],"author":[{"embeddable":true,"href":"https:\/\/agora.xtec.cat\/esc-teresabergada\/wp-json\/wp\/v2\/users\/1"}],"replies":[{"embeddable":true,"href":"https:\/\/agora.xtec.cat\/esc-teresabergada\/wp-json\/wp\/v2\/comments?post=11223"}],"version-history":[{"count":3,"href":"https:\/\/agora.xtec.cat\/esc-teresabergada\/wp-json\/wp\/v2\/posts\/11223\/revisions"}],"predecessor-version":[{"id":11232,"href":"https:\/\/agora.xtec.cat\/esc-teresabergada\/wp-json\/wp\/v2\/posts\/11223\/revisions\/11232"}],"wp:featuredmedia":[{"embeddable":true,"href":"https:\/\/agora.xtec.cat\/esc-teresabergada\/wp-json\/wp\/v2\/media\/11228"}],"wp:attachment":[{"href":"https:\/\/agora.xtec.cat\/esc-teresabergada\/wp-json\/wp\/v2\/media?parent=11223"}],"wp:term":[{"taxonomy":"category","embeddable":true,"href":"https:\/\/agora.xtec.cat\/esc-teresabergada\/wp-json\/wp\/v2\/categories?post=11223"},{"taxonomy":"post_tag","embeddable":true,"href":"https:\/\/agora.xtec.cat\/esc-teresabergada\/wp-json\/wp\/v2\/tags?post=11223"}],"curies":[{"name":"wp","href":"https:\/\/api.w.org\/{rel}","templated":true}]}}