{"id":11192,"date":"2022-12-15T12:31:20","date_gmt":"2022-12-15T11:31:20","guid":{"rendered":"https:\/\/agora.xtec.cat\/esc-teresabergada\/?p=11192"},"modified":"2022-12-15T12:32:17","modified_gmt":"2022-12-15T11:32:17","slug":"la-marato","status":"publish","type":"post","link":"https:\/\/agora.xtec.cat\/esc-teresabergada\/blocs-de-primaria\/6e\/la-marato\/","title":{"rendered":"LA MARAT\u00d3"},"content":{"rendered":"<p><span style=\"font-weight: 400\">El proper diumenge, 18 de desembre del 2022, es celebrar\u00e0 La Marat\u00f3. El tema d\u2019aquest any servir\u00e0 per investigar les malalties cardiovasculars.<\/span><\/p>\n<p><span style=\"font-weight: 400\">Des de l\u2019escola Teresa Bergad\u00e0 s\u2019ha decidit participar-hi fent una marat\u00f3 de contes. Alguns nens i nenes voluntaris faran lectures de poemes o petits contes. Tamb\u00e9, cada classe ha fet cors, per a repartir. Cadasc\u00fa amb la seva pr\u00f2pia idea. A la nostra classe, de 5\u00e8A, hem fet cors de papiroflexia, amb paper de color roig. Altres classes, per exemple, han fet cors amb purpurina, llana, cartolina i cartr\u00f3.<\/span><\/p>\n<p><a href=\"https:\/\/agora.xtec.cat\/esc-teresabergada\/wp-content\/uploads\/usu1533\/2022\/12\/1671102930067.jpg\"><img loading=\"lazy\" decoding=\"async\" class=\"alignnone wp-image-11193\" src=\"https:\/\/agora.xtec.cat\/esc-teresabergada\/wp-content\/uploads\/usu1533\/2022\/12\/1671102930067-1024x414.jpg\" alt=\"\" width=\"423\" height=\"171\" srcset=\"https:\/\/agora.xtec.cat\/esc-teresabergada\/wp-content\/uploads\/usu1533\/2022\/12\/1671102930067-1024x414.jpg 1024w, https:\/\/agora.xtec.cat\/esc-teresabergada\/wp-content\/uploads\/usu1533\/2022\/12\/1671102930067-300x121.jpg 300w, https:\/\/agora.xtec.cat\/esc-teresabergada\/wp-content\/uploads\/usu1533\/2022\/12\/1671102930067-768x311.jpg 768w, https:\/\/agora.xtec.cat\/esc-teresabergada\/wp-content\/uploads\/usu1533\/2022\/12\/1671102930067.jpg 1172w\" sizes=\"auto, (max-width: 423px) 100vw, 423px\" \/><\/a> <a href=\"https:\/\/agora.xtec.cat\/esc-teresabergada\/wp-content\/uploads\/usu1533\/2022\/12\/1671102930078.jpg\"><img loading=\"lazy\" decoding=\"async\" class=\"alignnone wp-image-11194\" src=\"https:\/\/agora.xtec.cat\/esc-teresabergada\/wp-content\/uploads\/usu1533\/2022\/12\/1671102930078-1024x505.jpg\" alt=\"\" width=\"348\" height=\"172\" srcset=\"https:\/\/agora.xtec.cat\/esc-teresabergada\/wp-content\/uploads\/usu1533\/2022\/12\/1671102930078-1024x505.jpg 1024w, https:\/\/agora.xtec.cat\/esc-teresabergada\/wp-content\/uploads\/usu1533\/2022\/12\/1671102930078-300x148.jpg 300w, https:\/\/agora.xtec.cat\/esc-teresabergada\/wp-content\/uploads\/usu1533\/2022\/12\/1671102930078-768x378.jpg 768w, https:\/\/agora.xtec.cat\/esc-teresabergada\/wp-content\/uploads\/usu1533\/2022\/12\/1671102930078-1536x757.jpg 1536w, https:\/\/agora.xtec.cat\/esc-teresabergada\/wp-content\/uploads\/usu1533\/2022\/12\/1671102930078.jpg 1599w\" sizes=\"auto, (max-width: 348px) 100vw, 348px\" \/><\/a><\/p>\n<p><a href=\"https:\/\/agora.xtec.cat\/esc-teresabergada\/wp-content\/uploads\/usu1533\/2022\/12\/IMG_0095-1024x847-1.jpg\"><img loading=\"lazy\" decoding=\"async\" class=\"wp-image-11195 alignnone\" src=\"https:\/\/agora.xtec.cat\/esc-teresabergada\/wp-content\/uploads\/usu1533\/2022\/12\/IMG_0095-1024x847-1.jpg\" alt=\"\" width=\"259\" height=\"214\" srcset=\"https:\/\/agora.xtec.cat\/esc-teresabergada\/wp-content\/uploads\/usu1533\/2022\/12\/IMG_0095-1024x847-1.jpg 1024w, https:\/\/agora.xtec.cat\/esc-teresabergada\/wp-content\/uploads\/usu1533\/2022\/12\/IMG_0095-1024x847-1-300x248.jpg 300w, https:\/\/agora.xtec.cat\/esc-teresabergada\/wp-content\/uploads\/usu1533\/2022\/12\/IMG_0095-1024x847-1-768x635.jpg 768w\" sizes=\"auto, (max-width: 259px) 100vw, 259px\" \/>\u00a0\u00a0 <\/a><a href=\"https:\/\/agora.xtec.cat\/esc-teresabergada\/wp-content\/uploads\/usu1533\/2022\/12\/dos-corazones-hechos-hilo-lana-roja-concepto-san-valentin_391310-1172.jpg\"><img loading=\"lazy\" decoding=\"async\" class=\"alignnone wp-image-11196\" src=\"https:\/\/agora.xtec.cat\/esc-teresabergada\/wp-content\/uploads\/usu1533\/2022\/12\/dos-corazones-hechos-hilo-lana-roja-concepto-san-valentin_391310-1172.jpg\" alt=\"\" width=\"314\" height=\"209\" srcset=\"https:\/\/agora.xtec.cat\/esc-teresabergada\/wp-content\/uploads\/usu1533\/2022\/12\/dos-corazones-hechos-hilo-lana-roja-concepto-san-valentin_391310-1172.jpg 626w, https:\/\/agora.xtec.cat\/esc-teresabergada\/wp-content\/uploads\/usu1533\/2022\/12\/dos-corazones-hechos-hilo-lana-roja-concepto-san-valentin_391310-1172-300x200.jpg 300w\" sizes=\"auto, (max-width: 314px) 100vw, 314px\" \/><\/a><\/p>\n<p><span style=\"font-weight: 400\">Ens agrada participar en aquestes activitats tan humanes, perqu\u00e8 s\u00f3n per una bona causa. Us animem a venir a visitar la paradeta de l\u2019escola! <\/span><span style=\"font-weight: 400\">Gr\u00e0cies per la vostra col\u00b7laboraci\u00f3! \ud83d\udc97<\/span><\/p>\n<p>&nbsp;<\/p>\n<p><span style=\"font-weight: 400\">Ivan Sevilla i Ainara Fernandez<\/span><\/p>\n","protected":false},"excerpt":{"rendered":"<p>El proper diumenge, 18 de desembre del 2022, es celebrar\u00e0 La Marat\u00f3. El tema d\u2019aquest any servir\u00e0 per investigar les malalties cardiovasculars.<br \/>\nDes de l\u2019escola Teresa Bergad\u00e0 s\u2019ha decidit participar-hi fent una marat\u00f3 de contes. Alguns nens i nenes voluntaris faran lectures de poemes o petits&hellip;  <a href=\"https:\/\/agora.xtec.cat\/esc-teresabergada\/blocs-de-primaria\/6e\/la-marato\/\" title=\"Read LA MARAT\u00d3\">Llegeix m\u00e9s\u00bb<\/a><\/p>\n","protected":false},"author":28,"featured_media":11197,"comment_status":"open","ping_status":"closed","sticky":false,"template":"","format":"standard","meta":{"_bbp_topic_count":0,"_bbp_reply_count":0,"_bbp_total_topic_count":0,"_bbp_total_reply_count":0,"_bbp_voice_count":0,"_bbp_anonymous_reply_count":0,"_bbp_topic_count_hidden":0,"_bbp_reply_count_hidden":0,"_bbp_forum_subforum_count":0,"footnotes":""},"categories":[349,240],"tags":[],"class_list":["post-11192","post","type-post","status-publish","format-standard","has-post-thumbnail","hentry","category-5e","category-6e"],"post_mailing_queue_ids":[],"_links":{"self":[{"href":"https:\/\/agora.xtec.cat\/esc-teresabergada\/wp-json\/wp\/v2\/posts\/11192","targetHints":{"allow":["GET"]}}],"collection":[{"href":"https:\/\/agora.xtec.cat\/esc-teresabergada\/wp-json\/wp\/v2\/posts"}],"about":[{"href":"https:\/\/agora.xtec.cat\/esc-teresabergada\/wp-json\/wp\/v2\/types\/post"}],"author":[{"embeddable":true,"href":"https:\/\/agora.xtec.cat\/esc-teresabergada\/wp-json\/wp\/v2\/users\/28"}],"replies":[{"embeddable":true,"href":"https:\/\/agora.xtec.cat\/esc-teresabergada\/wp-json\/wp\/v2\/comments?post=11192"}],"version-history":[{"count":2,"href":"https:\/\/agora.xtec.cat\/esc-teresabergada\/wp-json\/wp\/v2\/posts\/11192\/revisions"}],"predecessor-version":[{"id":11199,"href":"https:\/\/agora.xtec.cat\/esc-teresabergada\/wp-json\/wp\/v2\/posts\/11192\/revisions\/11199"}],"wp:featuredmedia":[{"embeddable":true,"href":"https:\/\/agora.xtec.cat\/esc-teresabergada\/wp-json\/wp\/v2\/media\/11197"}],"wp:attachment":[{"href":"https:\/\/agora.xtec.cat\/esc-teresabergada\/wp-json\/wp\/v2\/media?parent=11192"}],"wp:term":[{"taxonomy":"category","embeddable":true,"href":"https:\/\/agora.xtec.cat\/esc-teresabergada\/wp-json\/wp\/v2\/categories?post=11192"},{"taxonomy":"post_tag","embeddable":true,"href":"https:\/\/agora.xtec.cat\/esc-teresabergada\/wp-json\/wp\/v2\/tags?post=11192"}],"curies":[{"name":"wp","href":"https:\/\/api.w.org\/{rel}","templated":true}]}}