{"id":11164,"date":"2022-12-05T08:35:47","date_gmt":"2022-12-05T07:35:47","guid":{"rendered":"https:\/\/agora.xtec.cat\/esc-teresabergada\/?p=11164"},"modified":"2022-12-04T21:52:06","modified_gmt":"2022-12-04T20:52:06","slug":"canco-de-nadal","status":"publish","type":"post","link":"https:\/\/agora.xtec.cat\/esc-teresabergada\/blocs-de-primaria\/1r\/canco-de-nadal\/","title":{"rendered":"CAN\u00c7\u00d3 DE NADAL"},"content":{"rendered":"<p>Encara no heu escoltat el nou super \u00e8xit d&#8217;aquest Nadal?<\/p>\n<p>A qu\u00e8 esteu esperant!<\/p>\n<p>Els grans artistes de la classe dels gats han estat creant la lletra de la can\u00e7\u00f3, despr\u00e9s d&#8217;haver treballat les rimes ( en llengua castellana).<\/p>\n<p>I de tot aquest treball i esfor\u00e7 n&#8217;ha sorgit una nadala que no pot faltar en aquestes properes festes.<\/p>\n<p><a href=\"https:\/\/www.canva.com\/design\/DAFRSxomiiU\/rimhiXWTsB1lj5N3i3KExQ\/watch?utm_content=DAFRSxomiiU&amp;utm_campaign=designshare&amp;utm_medium=link&amp;utm_source=publishsharelink\">Aqu\u00ed la deixem per tal que la pugueu escoltar i gaudi<\/a><\/p>\n<p>&nbsp;<\/p>\n","protected":false},"excerpt":{"rendered":"<p>Encara no heu escoltat el nou super \u00e8xit d&#8217;aquest Nadal?<br \/>\nA qu\u00e8 esteu esperant!<br \/>\nEls grans artistes de la classe dels gats han estat creant la lletra de la can\u00e7\u00f3, despr\u00e9s d&#8217;haver treballat les rimes ( en llengua castellana).<br \/>\nI de tot aquest treball i esfor\u00e7 n&#8217;ha sorgit&hellip;  <a href=\"https:\/\/agora.xtec.cat\/esc-teresabergada\/blocs-de-primaria\/1r\/canco-de-nadal\/\" title=\"Read CAN\u00c7\u00d3 DE NADAL\">Llegeix m\u00e9s\u00bb<\/a><\/p>\n","protected":false},"author":16,"featured_media":11165,"comment_status":"open","ping_status":"closed","sticky":false,"template":"","format":"standard","meta":{"_bbp_topic_count":0,"_bbp_reply_count":0,"_bbp_total_topic_count":0,"_bbp_total_reply_count":0,"_bbp_voice_count":0,"_bbp_anonymous_reply_count":0,"_bbp_topic_count_hidden":0,"_bbp_reply_count_hidden":0,"_bbp_forum_subforum_count":0,"footnotes":""},"categories":[348],"tags":[635,452,634,633],"class_list":["post-11164","post","type-post","status-publish","format-standard","has-post-thumbnail","hentry","category-1r","tag-llengua-castellana","tag-nadala","tag-rimas","tag-villancico"],"post_mailing_queue_ids":[],"_links":{"self":[{"href":"https:\/\/agora.xtec.cat\/esc-teresabergada\/wp-json\/wp\/v2\/posts\/11164","targetHints":{"allow":["GET"]}}],"collection":[{"href":"https:\/\/agora.xtec.cat\/esc-teresabergada\/wp-json\/wp\/v2\/posts"}],"about":[{"href":"https:\/\/agora.xtec.cat\/esc-teresabergada\/wp-json\/wp\/v2\/types\/post"}],"author":[{"embeddable":true,"href":"https:\/\/agora.xtec.cat\/esc-teresabergada\/wp-json\/wp\/v2\/users\/16"}],"replies":[{"embeddable":true,"href":"https:\/\/agora.xtec.cat\/esc-teresabergada\/wp-json\/wp\/v2\/comments?post=11164"}],"version-history":[{"count":3,"href":"https:\/\/agora.xtec.cat\/esc-teresabergada\/wp-json\/wp\/v2\/posts\/11164\/revisions"}],"predecessor-version":[{"id":11168,"href":"https:\/\/agora.xtec.cat\/esc-teresabergada\/wp-json\/wp\/v2\/posts\/11164\/revisions\/11168"}],"wp:featuredmedia":[{"embeddable":true,"href":"https:\/\/agora.xtec.cat\/esc-teresabergada\/wp-json\/wp\/v2\/media\/11165"}],"wp:attachment":[{"href":"https:\/\/agora.xtec.cat\/esc-teresabergada\/wp-json\/wp\/v2\/media?parent=11164"}],"wp:term":[{"taxonomy":"category","embeddable":true,"href":"https:\/\/agora.xtec.cat\/esc-teresabergada\/wp-json\/wp\/v2\/categories?post=11164"},{"taxonomy":"post_tag","embeddable":true,"href":"https:\/\/agora.xtec.cat\/esc-teresabergada\/wp-json\/wp\/v2\/tags?post=11164"}],"curies":[{"name":"wp","href":"https:\/\/api.w.org\/{rel}","templated":true}]}}