{"id":11154,"date":"2022-12-01T12:22:22","date_gmt":"2022-12-01T11:22:22","guid":{"rendered":"https:\/\/agora.xtec.cat\/esc-teresabergada\/?p=11154"},"modified":"2022-12-01T12:22:22","modified_gmt":"2022-12-01T11:22:22","slug":"b-u-l-l-y-i-n-g","status":"publish","type":"post","link":"https:\/\/agora.xtec.cat\/esc-teresabergada\/blocs-de-primaria\/6e\/b-u-l-l-y-i-n-g\/","title":{"rendered":"B U L L Y I N G"},"content":{"rendered":"<p><b><i>Del 14 al 18 de novembre vam celebrar la setmana contra l&#8217;assetjament escolar, treballant diferents can\u00e7ons per cicles i fent un collage de paraules significatives. Al nostre cicle vam veure el videoclip de \u201cSe buscan valientes\u201d.\u00a0<\/i><\/b><\/p>\n<p><a href=\"https:\/\/agora.xtec.cat\/esc-teresabergada\/wp-content\/uploads\/usu1533\/2022\/12\/maxresdefault.jpg\"><img loading=\"lazy\" decoding=\"async\" class=\"alignnone wp-image-11157\" src=\"https:\/\/agora.xtec.cat\/esc-teresabergada\/wp-content\/uploads\/usu1533\/2022\/12\/maxresdefault-1024x576.jpg\" alt=\"\" width=\"518\" height=\"291\" srcset=\"https:\/\/agora.xtec.cat\/esc-teresabergada\/wp-content\/uploads\/usu1533\/2022\/12\/maxresdefault-1024x576.jpg 1024w, https:\/\/agora.xtec.cat\/esc-teresabergada\/wp-content\/uploads\/usu1533\/2022\/12\/maxresdefault-300x169.jpg 300w, https:\/\/agora.xtec.cat\/esc-teresabergada\/wp-content\/uploads\/usu1533\/2022\/12\/maxresdefault-768x432.jpg 768w, https:\/\/agora.xtec.cat\/esc-teresabergada\/wp-content\/uploads\/usu1533\/2022\/12\/maxresdefault.jpg 1280w\" sizes=\"auto, (max-width: 518px) 100vw, 518px\" \/> \u00a0<\/a><a href=\"https:\/\/agora.xtec.cat\/esc-teresabergada\/wp-content\/uploads\/usu1533\/2022\/12\/1669892858559-scaled.jpg\"><img loading=\"lazy\" decoding=\"async\" class=\"alignnone wp-image-11159\" src=\"https:\/\/agora.xtec.cat\/esc-teresabergada\/wp-content\/uploads\/usu1533\/2022\/12\/1669892858559-1024x671.jpg\" alt=\"\" width=\"445\" height=\"292\" srcset=\"https:\/\/agora.xtec.cat\/esc-teresabergada\/wp-content\/uploads\/usu1533\/2022\/12\/1669892858559-1024x671.jpg 1024w, https:\/\/agora.xtec.cat\/esc-teresabergada\/wp-content\/uploads\/usu1533\/2022\/12\/1669892858559-300x197.jpg 300w, https:\/\/agora.xtec.cat\/esc-teresabergada\/wp-content\/uploads\/usu1533\/2022\/12\/1669892858559-768x503.jpg 768w, https:\/\/agora.xtec.cat\/esc-teresabergada\/wp-content\/uploads\/usu1533\/2022\/12\/1669892858559-1536x1007.jpg 1536w, https:\/\/agora.xtec.cat\/esc-teresabergada\/wp-content\/uploads\/usu1533\/2022\/12\/1669892858559-2048x1343.jpg 2048w\" sizes=\"auto, (max-width: 445px) 100vw, 445px\" \/><\/a><\/p>\n<p><span style=\"font-weight: 400\">A la nostra escola es parla molt d\u2019aquest tema i es treballa amb tots els alumnes, ja que \u00e9s un aspecte molt negatiu per a les persones que ho pateixen i per la comunitat escolar. Els nens i nenes que ho pateixen han de saber que tenen l\u2019ajuda de tot el seu entorn i, en canvi, els assetjadors han de sentir-se avergonyits d\u2019aquests actes que provoquen tant de sofriment. Per sort, els assetjadors son una m\u00ednima part de la comunitat escolar. En canvi, som la majoria de companys i companyes els que sempre recolzem al nen o nena que pateix.<\/span><\/p>\n<p><span style=\"font-weight: 400\">Hi ha molts tipus d\u2019accions que es poden considerar bullying quan s\u00f3n repetides i duren al llarg del temps: pegar, insultar, manipular, fer rumors maliciosos, provocar burles o maltractar psicol\u00f2gicament.<\/span><\/p>\n<p><span style=\"font-weight: 400\">Tota informaci\u00f3 rebuda a l\u2019escola ens ajuda a entendre com esborrar aquest greu problema, per tant hem de saber que el bullying no \u00e9s f\u00e0cil de detectar i que \u00e9s un dels problemes que m\u00e9s preocupa a l\u2019escola.\u00a0<\/span><span style=\"font-weight: 400\">Alguns dels alumnes no saben on i com demanar ajuda, a m\u00e9s no \u00e9s sol demanar ajuda als professors. Amb tot aix\u00f2, el bullying ha de desapar\u00e8ixer de la nostra vida!<\/span><\/p>\n<p><span style=\"font-weight: 400\">Ariadna Barquero i \u00c8lia Masip<\/span><\/p>\n","protected":false},"excerpt":{"rendered":"<p>Del 14 al 18 de novembre vam celebrar la setmana contra l&#8217;assetjament escolar, treballant diferents can\u00e7ons per cicles i fent un collage de paraules significatives. Al nostre cicle vam veure el videoclip de \u201cSe buscan valientes\u201d.\u00a0<br \/>\n<a href=\"https:\/\/agora.xtec.cat\/esc-teresabergada\/wp-content\/uploads\/usu1533\/2022\/12\/maxresdefault.jpg\"> \u00a0<\/a><a href=\"https:\/\/agora.xtec.cat\/esc-teresabergada\/wp-content\/uploads\/usu1533\/2022\/12\/1669892858559-scaled.jpg\"><\/a><br \/>\nA la nostra escola es parla molt&hellip;  <a href=\"https:\/\/agora.xtec.cat\/esc-teresabergada\/blocs-de-primaria\/6e\/b-u-l-l-y-i-n-g\/\" title=\"Read B U L L Y I N G\">Llegeix m\u00e9s\u00bb<\/a><\/p>\n","protected":false},"author":28,"featured_media":11155,"comment_status":"open","ping_status":"closed","sticky":false,"template":"","format":"standard","meta":{"_bbp_topic_count":0,"_bbp_reply_count":0,"_bbp_total_topic_count":0,"_bbp_total_reply_count":0,"_bbp_voice_count":0,"_bbp_anonymous_reply_count":0,"_bbp_topic_count_hidden":0,"_bbp_reply_count_hidden":0,"_bbp_forum_subforum_count":0,"footnotes":""},"categories":[349,240],"tags":[],"class_list":["post-11154","post","type-post","status-publish","format-standard","has-post-thumbnail","hentry","category-5e","category-6e"],"post_mailing_queue_ids":[],"_links":{"self":[{"href":"https:\/\/agora.xtec.cat\/esc-teresabergada\/wp-json\/wp\/v2\/posts\/11154","targetHints":{"allow":["GET"]}}],"collection":[{"href":"https:\/\/agora.xtec.cat\/esc-teresabergada\/wp-json\/wp\/v2\/posts"}],"about":[{"href":"https:\/\/agora.xtec.cat\/esc-teresabergada\/wp-json\/wp\/v2\/types\/post"}],"author":[{"embeddable":true,"href":"https:\/\/agora.xtec.cat\/esc-teresabergada\/wp-json\/wp\/v2\/users\/28"}],"replies":[{"embeddable":true,"href":"https:\/\/agora.xtec.cat\/esc-teresabergada\/wp-json\/wp\/v2\/comments?post=11154"}],"version-history":[{"count":3,"href":"https:\/\/agora.xtec.cat\/esc-teresabergada\/wp-json\/wp\/v2\/posts\/11154\/revisions"}],"predecessor-version":[{"id":11160,"href":"https:\/\/agora.xtec.cat\/esc-teresabergada\/wp-json\/wp\/v2\/posts\/11154\/revisions\/11160"}],"wp:featuredmedia":[{"embeddable":true,"href":"https:\/\/agora.xtec.cat\/esc-teresabergada\/wp-json\/wp\/v2\/media\/11155"}],"wp:attachment":[{"href":"https:\/\/agora.xtec.cat\/esc-teresabergada\/wp-json\/wp\/v2\/media?parent=11154"}],"wp:term":[{"taxonomy":"category","embeddable":true,"href":"https:\/\/agora.xtec.cat\/esc-teresabergada\/wp-json\/wp\/v2\/categories?post=11154"},{"taxonomy":"post_tag","embeddable":true,"href":"https:\/\/agora.xtec.cat\/esc-teresabergada\/wp-json\/wp\/v2\/tags?post=11154"}],"curies":[{"name":"wp","href":"https:\/\/api.w.org\/{rel}","templated":true}]}}