{"id":11122,"date":"2022-11-24T00:01:31","date_gmt":"2022-11-23T23:01:31","guid":{"rendered":"https:\/\/agora.xtec.cat\/esc-teresabergada\/?p=11122"},"modified":"2022-11-24T00:01:31","modified_gmt":"2022-11-23T23:01:31","slug":"setmana-europea-de-la-prevencio-de-residus","status":"publish","type":"post","link":"https:\/\/agora.xtec.cat\/esc-teresabergada\/general\/setmana-europea-de-la-prevencio-de-residus\/","title":{"rendered":"SETMANA EUROPEA DE LA PREVENCI\u00d3 DE RESIDUS"},"content":{"rendered":"<p style=\"text-align: justify;\">La setmana del 19 al 27 de novembre se celebra la <span style=\"color: #339966;\"><strong>Setmana Europea de la Prevenci\u00f3 de Residus<\/strong><\/span>.<\/p>\n<p style=\"text-align: justify;\">A l&#8217;escola, des del dilluns fins el dimecres, hem estat esmorzant a les classes per tal de fer una recollida de residus per aula. Avui a la tarda ens hem reunit grans i petits al pati, i cada grup ha portat la seva bossa d&#8217;envasos. L&#8217;hem abocat en un \u00fanic sac i, sense massa explicacions, la imatge era prou expl\u00edcita.<\/p>\n<p><a href=\"https:\/\/agora.xtec.cat\/esc-teresabergada\/wp-content\/uploads\/usu1533\/2022\/11\/20221123_151806.jpg\"><img loading=\"lazy\" decoding=\"async\" class=\"aligncenter size-large wp-image-11123\" src=\"https:\/\/agora.xtec.cat\/esc-teresabergada\/wp-content\/uploads\/usu1533\/2022\/11\/20221123_151806-1024x456.jpg\" alt=\"\" width=\"1024\" height=\"456\" srcset=\"https:\/\/agora.xtec.cat\/esc-teresabergada\/wp-content\/uploads\/usu1533\/2022\/11\/20221123_151806-1024x456.jpg 1024w, https:\/\/agora.xtec.cat\/esc-teresabergada\/wp-content\/uploads\/usu1533\/2022\/11\/20221123_151806-300x134.jpg 300w, https:\/\/agora.xtec.cat\/esc-teresabergada\/wp-content\/uploads\/usu1533\/2022\/11\/20221123_151806-768x342.jpg 768w, https:\/\/agora.xtec.cat\/esc-teresabergada\/wp-content\/uploads\/usu1533\/2022\/11\/20221123_151806.jpg 1165w\" sizes=\"auto, (max-width: 1024px) 100vw, 1024px\" \/><\/a><\/p>\n<p style=\"text-align: justify;\">En nom\u00e9s tres dies, i tenint en compte que el dimarts era el dia de la fruita (en principi nom\u00e9s haur\u00edem d&#8217;haver generat residu org\u00e0nic), el sac com\u00fa gaireb\u00e9 ha quedat ple.<\/p>\n<p style=\"text-align: justify;\">A les aules hem reflexionat, i hem estat pensant alternatives al paper de plata o el paper film, hem estat parlant sobre si \u00e9s necessari portar iogurts o natilles per prendre a mig mat\u00ed, o si els sucs de fruita de pot, realment s\u00f3n prou sans com per abusar-ne, o podem beure&#8217;n de natural a casa, rec\u00e8n expremut.<\/p>\n<p style=\"text-align: justify;\">Cadasc\u00fa ha fet la seva aportaci\u00f3, i segur que quan les posarem en com\u00fa, ens posarem d&#8217;acord i vetllarem per a conscienciar-nos de que podem <span style=\"color: #339966;\"><strong>replantejar<\/strong><\/span> els h\u00e0bits que tenim, per evitar generar tants residus.<\/p>\n<p style=\"text-align: justify;\">Us demanem la vostra col.laboraci\u00f3 des de casa.<\/p>\n<p>Com deia el Capit\u00e0 Enciam: <strong><span style=\"color: #339966;\">&#8220;els petits canvis s\u00f3n poderosos&#8221;<\/span><\/strong>.<\/p>\n<p><a href=\"https:\/\/agora.xtec.cat\/esc-teresabergada\/wp-content\/uploads\/usu1533\/2022\/11\/20221123_151202.jpg\"><img loading=\"lazy\" decoding=\"async\" class=\"aligncenter size-full wp-image-11124\" src=\"https:\/\/agora.xtec.cat\/esc-teresabergada\/wp-content\/uploads\/usu1533\/2022\/11\/20221123_151202.jpg\" alt=\"\" width=\"734\" height=\"300\" srcset=\"https:\/\/agora.xtec.cat\/esc-teresabergada\/wp-content\/uploads\/usu1533\/2022\/11\/20221123_151202.jpg 734w, https:\/\/agora.xtec.cat\/esc-teresabergada\/wp-content\/uploads\/usu1533\/2022\/11\/20221123_151202-300x123.jpg 300w\" sizes=\"auto, (max-width: 734px) 100vw, 734px\" \/><\/a><\/p>\n","protected":false},"excerpt":{"rendered":"<p>La setmana del 19 al 27 de novembre se celebra la Setmana Europea de la Prevenci\u00f3 de Residus.<br \/>\nA l&#8217;escola, des del dilluns fins el dimecres, hem estat esmorzant a les classes per tal de fer una recollida de residus per aula. Avui a la tarda&hellip;  <a href=\"https:\/\/agora.xtec.cat\/esc-teresabergada\/general\/setmana-europea-de-la-prevencio-de-residus\/\" title=\"Read SETMANA EUROPEA DE LA PREVENCI\u00d3 DE RESIDUS\">Llegeix m\u00e9s\u00bb<\/a><\/p>\n","protected":false},"author":1,"featured_media":11123,"comment_status":"open","ping_status":"closed","sticky":false,"template":"","format":"standard","meta":{"_bbp_topic_count":0,"_bbp_reply_count":0,"_bbp_total_topic_count":0,"_bbp_total_reply_count":0,"_bbp_voice_count":0,"_bbp_anonymous_reply_count":0,"_bbp_topic_count_hidden":0,"_bbp_reply_count_hidden":0,"_bbp_forum_subforum_count":0,"footnotes":""},"categories":[1,4],"tags":[],"class_list":["post-11122","post","type-post","status-publish","format-standard","has-post-thumbnail","hentry","category-general","category-portada"],"post_mailing_queue_ids":[],"_links":{"self":[{"href":"https:\/\/agora.xtec.cat\/esc-teresabergada\/wp-json\/wp\/v2\/posts\/11122","targetHints":{"allow":["GET"]}}],"collection":[{"href":"https:\/\/agora.xtec.cat\/esc-teresabergada\/wp-json\/wp\/v2\/posts"}],"about":[{"href":"https:\/\/agora.xtec.cat\/esc-teresabergada\/wp-json\/wp\/v2\/types\/post"}],"author":[{"embeddable":true,"href":"https:\/\/agora.xtec.cat\/esc-teresabergada\/wp-json\/wp\/v2\/users\/1"}],"replies":[{"embeddable":true,"href":"https:\/\/agora.xtec.cat\/esc-teresabergada\/wp-json\/wp\/v2\/comments?post=11122"}],"version-history":[{"count":3,"href":"https:\/\/agora.xtec.cat\/esc-teresabergada\/wp-json\/wp\/v2\/posts\/11122\/revisions"}],"predecessor-version":[{"id":11128,"href":"https:\/\/agora.xtec.cat\/esc-teresabergada\/wp-json\/wp\/v2\/posts\/11122\/revisions\/11128"}],"wp:featuredmedia":[{"embeddable":true,"href":"https:\/\/agora.xtec.cat\/esc-teresabergada\/wp-json\/wp\/v2\/media\/11123"}],"wp:attachment":[{"href":"https:\/\/agora.xtec.cat\/esc-teresabergada\/wp-json\/wp\/v2\/media?parent=11122"}],"wp:term":[{"taxonomy":"category","embeddable":true,"href":"https:\/\/agora.xtec.cat\/esc-teresabergada\/wp-json\/wp\/v2\/categories?post=11122"},{"taxonomy":"post_tag","embeddable":true,"href":"https:\/\/agora.xtec.cat\/esc-teresabergada\/wp-json\/wp\/v2\/tags?post=11122"}],"curies":[{"name":"wp","href":"https:\/\/api.w.org\/{rel}","templated":true}]}}