{"id":11116,"date":"2022-11-23T16:09:28","date_gmt":"2022-11-23T15:09:28","guid":{"rendered":"https:\/\/agora.xtec.cat\/esc-teresabergada\/?p=11116"},"modified":"2022-11-23T16:36:48","modified_gmt":"2022-11-23T15:36:48","slug":"sortida-a-la-seu-vella","status":"publish","type":"post","link":"https:\/\/agora.xtec.cat\/esc-teresabergada\/blocs-de-primaria\/3r\/sortida-a-la-seu-vella\/","title":{"rendered":"Sortida a La Seu Vella"},"content":{"rendered":"<p>El passat 11 de novembre els alumnes de 3r i 4t vam anar a visitar <em><strong>La Seu Vella<\/strong><\/em>, un dels monuments m\u00e9s espectaculars de Catalunya. La Seu Vella \u00e9s l\u2019antiga catedral de Lleida i \u00e9s considerada com una de les millors produccions art\u00edstiques de l\u2019arquitectura catalana.<\/p>\n<p>La visita va ser molt interessant. Vam poder pujar al campanar, gaudir de les espectaculars vistes de la ciutat i rec\u00f3rrer el claustre i les naus de l\u2019esgl\u00e9sia on vam trobar un gran personatge, el \u201cRoc el picapedrer\u201d. El Roc \u00e9s un picapedrer medieval que va treballar en la construcci\u00f3 de la Seu Vella i ha fet un llarg viatge en el temps per explicar-nos tots els secrets de com es va fer. Gr\u00e0cies a la visita del Roc, vam con\u00e8ixer les eines d\u2019un picapedrer, vam aixecar un mur i fins i tot vam muntar un arc.<\/p>\n<p>Despr\u00e9s d\u2019aquesta activitat vam sortir a fora a observar amb detall la Seu Vella i en vam fer un bonic dibuix.<\/p>\n<p>Finalment i, per acabar d\u2019arrodonir la jornada, vam anar a dinar al parc de la Mitjalluna i despr\u00e9s a jugar al parc de Santa Sic\u00edlia.<\/p>\n<p>&nbsp;<\/p>\n<p><a href=\"https:\/\/agora.xtec.cat\/esc-teresabergada\/wp-content\/uploads\/usu1533\/2022\/11\/roc1.png\"><img loading=\"lazy\" decoding=\"async\" class=\"aligncenter wp-image-11117 size-full\" src=\"https:\/\/agora.xtec.cat\/esc-teresabergada\/wp-content\/uploads\/usu1533\/2022\/11\/roc1.png\" alt=\"\" width=\"567\" height=\"428\" \/><\/a><\/p>\n<p><em>* Trobareu la resta d\u2019imatges a les carpetes compartides.<\/em><\/p>\n","protected":false},"excerpt":{"rendered":"<p>El passat 11 de novembre els alumnes de 3r i 4t vam anar a visitar La Seu Vella, un dels monuments m\u00e9s espectaculars de Catalunya. La Seu Vella \u00e9s l\u2019antiga catedral de Lleida i \u00e9s considerada com una de les millors produccions art\u00edstiques de l\u2019arquitectura&hellip;  <a href=\"https:\/\/agora.xtec.cat\/esc-teresabergada\/blocs-de-primaria\/3r\/sortida-a-la-seu-vella\/\" title=\"Read Sortida a La Seu Vella\">Llegeix m\u00e9s\u00bb<\/a><\/p>\n","protected":false},"author":60,"featured_media":11121,"comment_status":"open","ping_status":"closed","sticky":false,"template":"","format":"standard","meta":{"_bbp_topic_count":0,"_bbp_reply_count":0,"_bbp_total_topic_count":0,"_bbp_total_reply_count":0,"_bbp_voice_count":0,"_bbp_anonymous_reply_count":0,"_bbp_topic_count_hidden":0,"_bbp_reply_count_hidden":0,"_bbp_forum_subforum_count":0,"footnotes":""},"categories":[238,250],"tags":[],"class_list":["post-11116","post","type-post","status-publish","format-standard","has-post-thumbnail","hentry","category-3r","category-4t"],"post_mailing_queue_ids":[],"_links":{"self":[{"href":"https:\/\/agora.xtec.cat\/esc-teresabergada\/wp-json\/wp\/v2\/posts\/11116","targetHints":{"allow":["GET"]}}],"collection":[{"href":"https:\/\/agora.xtec.cat\/esc-teresabergada\/wp-json\/wp\/v2\/posts"}],"about":[{"href":"https:\/\/agora.xtec.cat\/esc-teresabergada\/wp-json\/wp\/v2\/types\/post"}],"author":[{"embeddable":true,"href":"https:\/\/agora.xtec.cat\/esc-teresabergada\/wp-json\/wp\/v2\/users\/60"}],"replies":[{"embeddable":true,"href":"https:\/\/agora.xtec.cat\/esc-teresabergada\/wp-json\/wp\/v2\/comments?post=11116"}],"version-history":[{"count":3,"href":"https:\/\/agora.xtec.cat\/esc-teresabergada\/wp-json\/wp\/v2\/posts\/11116\/revisions"}],"predecessor-version":[{"id":11120,"href":"https:\/\/agora.xtec.cat\/esc-teresabergada\/wp-json\/wp\/v2\/posts\/11116\/revisions\/11120"}],"wp:featuredmedia":[{"embeddable":true,"href":"https:\/\/agora.xtec.cat\/esc-teresabergada\/wp-json\/wp\/v2\/media\/11121"}],"wp:attachment":[{"href":"https:\/\/agora.xtec.cat\/esc-teresabergada\/wp-json\/wp\/v2\/media?parent=11116"}],"wp:term":[{"taxonomy":"category","embeddable":true,"href":"https:\/\/agora.xtec.cat\/esc-teresabergada\/wp-json\/wp\/v2\/categories?post=11116"},{"taxonomy":"post_tag","embeddable":true,"href":"https:\/\/agora.xtec.cat\/esc-teresabergada\/wp-json\/wp\/v2\/tags?post=11116"}],"curies":[{"name":"wp","href":"https:\/\/api.w.org\/{rel}","templated":true}]}}