{"id":11109,"date":"2022-11-17T12:14:54","date_gmt":"2022-11-17T11:14:54","guid":{"rendered":"https:\/\/agora.xtec.cat\/esc-teresabergada\/?p=11109"},"modified":"2022-11-17T12:22:33","modified_gmt":"2022-11-17T11:22:33","slug":"apadrinament-lector-5","status":"publish","type":"post","link":"https:\/\/agora.xtec.cat\/esc-teresabergada\/blocs-de-primaria\/6e\/apadrinament-lector-5\/","title":{"rendered":"APADRINAMENT LECTOR"},"content":{"rendered":"<p style=\"text-align: justify\"><span style=\"font-weight: 400\">El divendres, 11 de novembre, l\u2019alumnat de 5\u00e8 de cicle superior va comen\u00e7ar a fer l\u2019apadrinament lector. Els nens\/es de primer es van sorprendre quan ens van veure! La majoria de nosaltres no ens coneix\u00edem. Sent sinceres, no ens esper\u00e0vem que an\u00e9s del tot b\u00e9, per\u00f2 finalment podem dir que va anar bastant b\u00e9 perqu\u00e8 tots hi vam contribuir.<\/span><\/p>\n<p style=\"text-align: justify\"><span style=\"font-weight: 400\">Nosaltres fem apadrinament els divendres, de manera quinzenal. Ens dividim en tres grups i ens repartim en tres espais: a l\u2019aula de primer, a la de religi\u00f3 que est\u00e0 al costat i a la biblioteca dels grans. Els padrins\/es ens preparem, durant uns dies, el llibre que els llegirem acompanyat d\u2019alguna activitat per al final.<\/span><\/p>\n<p style=\"text-align: justify\"><span style=\"font-weight: 400\">L\u2019apadrinament lector serveix per a que els nens petits aprenguin a llegir millor al mateix temps que formen una amistat amb els grans. Des del punt de vista dels grans, ha estat molt interessant i hem gaudit molt.\u00a0<\/span><\/p>\n<p><a href=\"https:\/\/agora.xtec.cat\/esc-teresabergada\/wp-content\/uploads\/usu1533\/2022\/11\/1668683364014-1-scaled.jpg\"><img loading=\"lazy\" decoding=\"async\" class=\"alignnone wp-image-11113\" src=\"https:\/\/agora.xtec.cat\/esc-teresabergada\/wp-content\/uploads\/usu1533\/2022\/11\/1668683364014-1-1024x768.jpg\" alt=\"\" width=\"530\" height=\"397\" srcset=\"https:\/\/agora.xtec.cat\/esc-teresabergada\/wp-content\/uploads\/usu1533\/2022\/11\/1668683364014-1-1024x768.jpg 1024w, https:\/\/agora.xtec.cat\/esc-teresabergada\/wp-content\/uploads\/usu1533\/2022\/11\/1668683364014-1-300x225.jpg 300w, https:\/\/agora.xtec.cat\/esc-teresabergada\/wp-content\/uploads\/usu1533\/2022\/11\/1668683364014-1-768x576.jpg 768w, https:\/\/agora.xtec.cat\/esc-teresabergada\/wp-content\/uploads\/usu1533\/2022\/11\/1668683364014-1-1536x1152.jpg 1536w, https:\/\/agora.xtec.cat\/esc-teresabergada\/wp-content\/uploads\/usu1533\/2022\/11\/1668683364014-1-2048x1536.jpg 2048w, https:\/\/agora.xtec.cat\/esc-teresabergada\/wp-content\/uploads\/usu1533\/2022\/11\/1668683364014-1-200x150.jpg 200w\" sizes=\"auto, (max-width: 530px) 100vw, 530px\" \/><\/a><\/p>\n<p><span style=\"font-weight: 400\">Sira Pascual i Ada Susagna<\/span><\/p>\n","protected":false},"excerpt":{"rendered":"<p>El divendres, 11 de novembre, l\u2019alumnat de 5\u00e8 de cicle superior va comen\u00e7ar a fer l\u2019apadrinament lector. Els nens\/es de primer es van sorprendre quan ens van veure! La majoria de nosaltres no ens coneix\u00edem. Sent sinceres, no ens esper\u00e0vem que an\u00e9s del tot b\u00e9,&hellip;  <a href=\"https:\/\/agora.xtec.cat\/esc-teresabergada\/blocs-de-primaria\/6e\/apadrinament-lector-5\/\" title=\"Read APADRINAMENT LECTOR\">Llegeix m\u00e9s\u00bb<\/a><\/p>\n","protected":false},"author":28,"featured_media":11111,"comment_status":"open","ping_status":"closed","sticky":false,"template":"","format":"standard","meta":{"_bbp_topic_count":0,"_bbp_reply_count":0,"_bbp_total_topic_count":0,"_bbp_total_reply_count":0,"_bbp_voice_count":0,"_bbp_anonymous_reply_count":0,"_bbp_topic_count_hidden":0,"_bbp_reply_count_hidden":0,"_bbp_forum_subforum_count":0,"footnotes":""},"categories":[349,240],"tags":[],"class_list":["post-11109","post","type-post","status-publish","format-standard","has-post-thumbnail","hentry","category-5e","category-6e"],"post_mailing_queue_ids":[],"_links":{"self":[{"href":"https:\/\/agora.xtec.cat\/esc-teresabergada\/wp-json\/wp\/v2\/posts\/11109","targetHints":{"allow":["GET"]}}],"collection":[{"href":"https:\/\/agora.xtec.cat\/esc-teresabergada\/wp-json\/wp\/v2\/posts"}],"about":[{"href":"https:\/\/agora.xtec.cat\/esc-teresabergada\/wp-json\/wp\/v2\/types\/post"}],"author":[{"embeddable":true,"href":"https:\/\/agora.xtec.cat\/esc-teresabergada\/wp-json\/wp\/v2\/users\/28"}],"replies":[{"embeddable":true,"href":"https:\/\/agora.xtec.cat\/esc-teresabergada\/wp-json\/wp\/v2\/comments?post=11109"}],"version-history":[{"count":2,"href":"https:\/\/agora.xtec.cat\/esc-teresabergada\/wp-json\/wp\/v2\/posts\/11109\/revisions"}],"predecessor-version":[{"id":11115,"href":"https:\/\/agora.xtec.cat\/esc-teresabergada\/wp-json\/wp\/v2\/posts\/11109\/revisions\/11115"}],"wp:featuredmedia":[{"embeddable":true,"href":"https:\/\/agora.xtec.cat\/esc-teresabergada\/wp-json\/wp\/v2\/media\/11111"}],"wp:attachment":[{"href":"https:\/\/agora.xtec.cat\/esc-teresabergada\/wp-json\/wp\/v2\/media?parent=11109"}],"wp:term":[{"taxonomy":"category","embeddable":true,"href":"https:\/\/agora.xtec.cat\/esc-teresabergada\/wp-json\/wp\/v2\/categories?post=11109"},{"taxonomy":"post_tag","embeddable":true,"href":"https:\/\/agora.xtec.cat\/esc-teresabergada\/wp-json\/wp\/v2\/tags?post=11109"}],"curies":[{"name":"wp","href":"https:\/\/api.w.org\/{rel}","templated":true}]}}