{"id":11104,"date":"2022-11-10T12:14:19","date_gmt":"2022-11-10T11:14:19","guid":{"rendered":"https:\/\/agora.xtec.cat\/esc-teresabergada\/?p=11104"},"modified":"2022-11-10T12:16:38","modified_gmt":"2022-11-10T11:16:38","slug":"visita-a-la-biblioteca-dalguaire","status":"publish","type":"post","link":"https:\/\/agora.xtec.cat\/esc-teresabergada\/blocs-de-primaria\/6e\/visita-a-la-biblioteca-dalguaire\/","title":{"rendered":"VISITA A LA BIBLIOTECA D&#8217;ALGUAIRE"},"content":{"rendered":"<p style=\"text-align: justify\"><span style=\"font-weight: 400\">A principis del mes d\u2019octubre, l\u2019alumnat de 6\u00e8, vam fer una sortida a la biblioteca del poble.\u00a0<\/span><\/p>\n<p style=\"text-align: justify\"><span style=\"font-weight: 400\">La bibliotec\u00e0ria ens va fer una visita guiada. A l\u2019entrar ens va ensenyar la zona d\u2019adults. En aquella zona ens vam trobar sis ordinadors i un parell de taules. Tamb\u00e9 hi havia diferents tipus de llibres, del 0-9, i moltes novel\u00b7les. Els n\u00fameros dels llibres signifiquen:<\/span><\/p>\n<p style=\"text-align: justify\"><span style=\"font-weight: 400\">-N\u00famero 0: obres generals<\/span><\/p>\n<p style=\"text-align: justify\"><span style=\"font-weight: 400\">-N\u00famero 1: filosofia<\/span><\/p>\n<p style=\"text-align: justify\"><span style=\"font-weight: 400\">-N\u00famero 2: religi\u00f3<\/span><\/p>\n<p style=\"text-align: justify\"><span style=\"font-weight: 400\">-N\u00famero 3: ci\u00e8ncies socials<\/span><\/p>\n<p style=\"text-align: justify\"><span style=\"font-weight: 400\">-N\u00famero 5: ci\u00e8ncies exactes i naturals<\/span><\/p>\n<p style=\"text-align: justify\"><span style=\"font-weight: 400\">-N\u00famero 6: ci\u00e8ncies aplicades<\/span><\/p>\n<p style=\"text-align: justify\"><span style=\"font-weight: 400\">-N\u00famero 7: belles arts<\/span><\/p>\n<p style=\"text-align: justify\"><span style=\"font-weight: 400\">-N\u00famero 8: ling\u00fc\u00edstic i literatura<\/span><\/p>\n<p style=\"text-align: justify\"><span style=\"font-weight: 400\">-N\u00famero 9: geografia, biografia i hist\u00f2ria.<\/span><\/p>\n<p><a href=\"https:\/\/agora.xtec.cat\/esc-teresabergada\/wp-content\/uploads\/usu1533\/2022\/11\/IMG_5254-rotated.jpg\"><img loading=\"lazy\" decoding=\"async\" class=\"alignnone size-full wp-image-11105\" src=\"https:\/\/agora.xtec.cat\/esc-teresabergada\/wp-content\/uploads\/usu1533\/2022\/11\/IMG_5254-rotated.jpg\" alt=\"\" width=\"480\" height=\"640\" srcset=\"https:\/\/agora.xtec.cat\/esc-teresabergada\/wp-content\/uploads\/usu1533\/2022\/11\/IMG_5254-rotated.jpg 480w, https:\/\/agora.xtec.cat\/esc-teresabergada\/wp-content\/uploads\/usu1533\/2022\/11\/IMG_5254-225x300.jpg 225w\" sizes=\"auto, (max-width: 480px) 100vw, 480px\" \/><\/a><\/p>\n<p style=\"text-align: justify\"><span style=\"font-weight: 400\">A continuaci\u00f3 ens va explicar el funcionament de la biblioteca i ens va comentar perqu\u00e8 la biblioteca es diu Josep Lladonosa. A l\u2019acabar la visita, ens va donar a cadasc\u00fa un dibuix d\u2019un animalet. Vam avan\u00e7ar a la zona infantil! All\u00ed ens vam repartir per grups amb el mateix animalet. A cada grup ens van donar unes missions per complir, com ara trobar llibres pel seu gomet i les seves lletres i tamb\u00e9 respondre unes preguntes.<\/span><\/p>\n<p style=\"text-align: justify\"><span style=\"font-weight: 400\">Aquesta va ser la nostra visita a la biblioteca del poble, que vam trobar molt interessant!<\/span><\/p>\n<p style=\"text-align: justify\">\n<p style=\"text-align: justify\"><span style=\"font-weight: 400\">Yassin Bouazza i Oriol Casales<\/span><\/p>\n<p style=\"text-align: justify\">\n","protected":false},"excerpt":{"rendered":"<p>A principis del mes d\u2019octubre, l\u2019alumnat de 6\u00e8, vam fer una sortida a la biblioteca del poble.\u00a0<br \/>\nLa bibliotec\u00e0ria ens va fer una visita guiada. A l\u2019entrar ens va ensenyar la zona d\u2019adults. En aquella zona ens vam trobar sis ordinadors i un parell de taules.&hellip;  <a href=\"https:\/\/agora.xtec.cat\/esc-teresabergada\/blocs-de-primaria\/6e\/visita-a-la-biblioteca-dalguaire\/\" title=\"Read VISITA A LA BIBLIOTECA D&#8217;ALGUAIRE\">Llegeix m\u00e9s\u00bb<\/a><\/p>\n","protected":false},"author":28,"featured_media":11106,"comment_status":"open","ping_status":"closed","sticky":false,"template":"","format":"standard","meta":{"_bbp_topic_count":0,"_bbp_reply_count":0,"_bbp_total_topic_count":0,"_bbp_total_reply_count":0,"_bbp_voice_count":0,"_bbp_anonymous_reply_count":0,"_bbp_topic_count_hidden":0,"_bbp_reply_count_hidden":0,"_bbp_forum_subforum_count":0,"footnotes":""},"categories":[349,240],"tags":[],"class_list":["post-11104","post","type-post","status-publish","format-standard","has-post-thumbnail","hentry","category-5e","category-6e"],"post_mailing_queue_ids":[],"_links":{"self":[{"href":"https:\/\/agora.xtec.cat\/esc-teresabergada\/wp-json\/wp\/v2\/posts\/11104","targetHints":{"allow":["GET"]}}],"collection":[{"href":"https:\/\/agora.xtec.cat\/esc-teresabergada\/wp-json\/wp\/v2\/posts"}],"about":[{"href":"https:\/\/agora.xtec.cat\/esc-teresabergada\/wp-json\/wp\/v2\/types\/post"}],"author":[{"embeddable":true,"href":"https:\/\/agora.xtec.cat\/esc-teresabergada\/wp-json\/wp\/v2\/users\/28"}],"replies":[{"embeddable":true,"href":"https:\/\/agora.xtec.cat\/esc-teresabergada\/wp-json\/wp\/v2\/comments?post=11104"}],"version-history":[{"count":2,"href":"https:\/\/agora.xtec.cat\/esc-teresabergada\/wp-json\/wp\/v2\/posts\/11104\/revisions"}],"predecessor-version":[{"id":11108,"href":"https:\/\/agora.xtec.cat\/esc-teresabergada\/wp-json\/wp\/v2\/posts\/11104\/revisions\/11108"}],"wp:featuredmedia":[{"embeddable":true,"href":"https:\/\/agora.xtec.cat\/esc-teresabergada\/wp-json\/wp\/v2\/media\/11106"}],"wp:attachment":[{"href":"https:\/\/agora.xtec.cat\/esc-teresabergada\/wp-json\/wp\/v2\/media?parent=11104"}],"wp:term":[{"taxonomy":"category","embeddable":true,"href":"https:\/\/agora.xtec.cat\/esc-teresabergada\/wp-json\/wp\/v2\/categories?post=11104"},{"taxonomy":"post_tag","embeddable":true,"href":"https:\/\/agora.xtec.cat\/esc-teresabergada\/wp-json\/wp\/v2\/tags?post=11104"}],"curies":[{"name":"wp","href":"https:\/\/api.w.org\/{rel}","templated":true}]}}