{"id":11082,"date":"2022-11-05T10:36:19","date_gmt":"2022-11-05T09:36:19","guid":{"rendered":"https:\/\/agora.xtec.cat\/esc-teresabergada\/?p=11082"},"modified":"2022-11-05T10:36:19","modified_gmt":"2022-11-05T09:36:19","slug":"sortida-a-lleida-2","status":"publish","type":"post","link":"https:\/\/agora.xtec.cat\/esc-teresabergada\/blocs-de-primaria\/6e\/sortida-a-lleida-2\/","title":{"rendered":"SORTIDA A LLEIDA"},"content":{"rendered":"<p style=\"text-align: justify\">Divendres, 4 de novembre, vam fer la primera sortida de cicle superior a Lleida.<\/p>\n<p style=\"text-align: justify\">Al treballar l&#8217;art a partir de les caixes d&#8217;autor de La Panera, vam decidir que ens agradaria anar a con\u00e8ixer l&#8217;espai i a veure alguna de les seves exposicions. L&#8217;alumnat va poder gaudir de l&#8217;instal\u00b7laci\u00f3 art\u00edstica de Mabel Palacin que no va deixar a ning\u00fa indiferent! Despr\u00e9s, van poder jugar, manipular, imaginar i crear gr\u00e0cies a l&#8217;exposici\u00f3 de JUGUETOR\u00cdA, dins de l&#8217;espai miniPanera.<\/p>\n<p style=\"text-align: justify\">Per acabar d&#8217;arrodonir el mat\u00ed vam anar a fer un tomb per la Seu Vella, per tal de veure per fora el monument representatiu de Lleida i la panor\u00e0mica espectacular que hi ha de la ciutat.<\/p>\n<p style=\"text-align: justify\">Un dinar a l&#8217;aire lliure, en ple campus universitari, ens va servir per agafar energia per l&#8217;\u00faltima activitat del dia: un Hall Escape per resodre el misteri d&#8217;un robatori londinense. Entre enigmes, pistes i misteris&#8230;va costar una mica, per\u00f2 finalment tots els grups van acabar aconseguint el diamant robat!<\/p>\n<p>Un dia ple d&#8217;activitats culturals i d&#8217;oci, aprop de casa, perqu\u00e8 tamb\u00e9 tenim coses properes molt interessants!<\/p>\n<p><a href=\"https:\/\/agora.xtec.cat\/esc-teresabergada\/wp-content\/uploads\/usu1533\/2022\/11\/1667569077975.jpg\"><img loading=\"lazy\" decoding=\"async\" class=\"alignnone  wp-image-11089\" src=\"https:\/\/agora.xtec.cat\/esc-teresabergada\/wp-content\/uploads\/usu1533\/2022\/11\/1667569077975-1024x768.jpg\" alt=\"\" width=\"395\" height=\"296\" srcset=\"https:\/\/agora.xtec.cat\/esc-teresabergada\/wp-content\/uploads\/usu1533\/2022\/11\/1667569077975-1024x768.jpg 1024w, https:\/\/agora.xtec.cat\/esc-teresabergada\/wp-content\/uploads\/usu1533\/2022\/11\/1667569077975-300x225.jpg 300w, https:\/\/agora.xtec.cat\/esc-teresabergada\/wp-content\/uploads\/usu1533\/2022\/11\/1667569077975-768x576.jpg 768w, https:\/\/agora.xtec.cat\/esc-teresabergada\/wp-content\/uploads\/usu1533\/2022\/11\/1667569077975-1536x1152.jpg 1536w, https:\/\/agora.xtec.cat\/esc-teresabergada\/wp-content\/uploads\/usu1533\/2022\/11\/1667569077975-200x150.jpg 200w, https:\/\/agora.xtec.cat\/esc-teresabergada\/wp-content\/uploads\/usu1533\/2022\/11\/1667569077975.jpg 2000w\" sizes=\"auto, (max-width: 395px) 100vw, 395px\" \/><\/a> <a href=\"https:\/\/agora.xtec.cat\/esc-teresabergada\/wp-content\/uploads\/usu1533\/2022\/11\/1667569077968-rotated.jpg\"><img loading=\"lazy\" decoding=\"async\" class=\"alignnone  wp-image-11088\" src=\"https:\/\/agora.xtec.cat\/esc-teresabergada\/wp-content\/uploads\/usu1533\/2022\/11\/1667569077968-768x1024.jpg\" alt=\"\" width=\"222\" height=\"296\" srcset=\"https:\/\/agora.xtec.cat\/esc-teresabergada\/wp-content\/uploads\/usu1533\/2022\/11\/1667569077968-768x1024.jpg 768w, https:\/\/agora.xtec.cat\/esc-teresabergada\/wp-content\/uploads\/usu1533\/2022\/11\/1667569077968-225x300.jpg 225w, https:\/\/agora.xtec.cat\/esc-teresabergada\/wp-content\/uploads\/usu1533\/2022\/11\/1667569077968-1152x1536.jpg 1152w, https:\/\/agora.xtec.cat\/esc-teresabergada\/wp-content\/uploads\/usu1533\/2022\/11\/1667569077968-rotated.jpg 1500w\" sizes=\"auto, (max-width: 222px) 100vw, 222px\" \/><\/a> \u00a0<a href=\"https:\/\/agora.xtec.cat\/esc-teresabergada\/wp-content\/uploads\/usu1533\/2022\/11\/1667569077884-rotated.jpg\"><img loading=\"lazy\" decoding=\"async\" class=\"alignnone  wp-image-11086\" src=\"https:\/\/agora.xtec.cat\/esc-teresabergada\/wp-content\/uploads\/usu1533\/2022\/11\/1667569077884-768x1024.jpg\" alt=\"\" width=\"221\" height=\"295\" srcset=\"https:\/\/agora.xtec.cat\/esc-teresabergada\/wp-content\/uploads\/usu1533\/2022\/11\/1667569077884-768x1024.jpg 768w, https:\/\/agora.xtec.cat\/esc-teresabergada\/wp-content\/uploads\/usu1533\/2022\/11\/1667569077884-225x300.jpg 225w, https:\/\/agora.xtec.cat\/esc-teresabergada\/wp-content\/uploads\/usu1533\/2022\/11\/1667569077884-1152x1536.jpg 1152w, https:\/\/agora.xtec.cat\/esc-teresabergada\/wp-content\/uploads\/usu1533\/2022\/11\/1667569077884-rotated.jpg 1500w\" sizes=\"auto, (max-width: 221px) 100vw, 221px\" \/><\/a> <a href=\"https:\/\/agora.xtec.cat\/esc-teresabergada\/wp-content\/uploads\/usu1533\/2022\/11\/1667554199469.jpg\"><img loading=\"lazy\" decoding=\"async\" class=\"alignnone  wp-image-11085\" src=\"https:\/\/agora.xtec.cat\/esc-teresabergada\/wp-content\/uploads\/usu1533\/2022\/11\/1667554199469-1024x768.jpg\" alt=\"\" width=\"853\" height=\"640\" srcset=\"https:\/\/agora.xtec.cat\/esc-teresabergada\/wp-content\/uploads\/usu1533\/2022\/11\/1667554199469-1024x768.jpg 1024w, https:\/\/agora.xtec.cat\/esc-teresabergada\/wp-content\/uploads\/usu1533\/2022\/11\/1667554199469-300x225.jpg 300w, https:\/\/agora.xtec.cat\/esc-teresabergada\/wp-content\/uploads\/usu1533\/2022\/11\/1667554199469-768x576.jpg 768w, https:\/\/agora.xtec.cat\/esc-teresabergada\/wp-content\/uploads\/usu1533\/2022\/11\/1667554199469-1536x1152.jpg 1536w, https:\/\/agora.xtec.cat\/esc-teresabergada\/wp-content\/uploads\/usu1533\/2022\/11\/1667554199469-200x150.jpg 200w, https:\/\/agora.xtec.cat\/esc-teresabergada\/wp-content\/uploads\/usu1533\/2022\/11\/1667554199469.jpg 2000w\" sizes=\"auto, (max-width: 853px) 100vw, 853px\" \/><\/a><\/p>\n<p><em>\u27a1Recordeu que trobareu totes les imatges de la sortida i d&#8217;altres activitats del cicle, a l&#8217;enlla\u00e7 que us van compartir per correu a les fam\u00edlies.\u00a0<\/em><\/p>\n","protected":false},"excerpt":{"rendered":"<p>Divendres, 4 de novembre, vam fer la primera sortida de cicle superior a Lleida.<br \/>\nAl treballar l&#8217;art a partir de les caixes d&#8217;autor de La Panera, vam decidir que ens agradaria anar a con\u00e8ixer l&#8217;espai i a veure alguna de les seves exposicions. L&#8217;alumnat va poder&hellip;  <a href=\"https:\/\/agora.xtec.cat\/esc-teresabergada\/blocs-de-primaria\/6e\/sortida-a-lleida-2\/\" title=\"Read SORTIDA A LLEIDA\">Llegeix m\u00e9s\u00bb<\/a><\/p>\n","protected":false},"author":28,"featured_media":11087,"comment_status":"open","ping_status":"closed","sticky":false,"template":"","format":"standard","meta":{"_bbp_topic_count":0,"_bbp_reply_count":0,"_bbp_total_topic_count":0,"_bbp_total_reply_count":0,"_bbp_voice_count":0,"_bbp_anonymous_reply_count":0,"_bbp_topic_count_hidden":0,"_bbp_reply_count_hidden":0,"_bbp_forum_subforum_count":0,"footnotes":""},"categories":[349,240],"tags":[],"class_list":["post-11082","post","type-post","status-publish","format-standard","has-post-thumbnail","hentry","category-5e","category-6e"],"post_mailing_queue_ids":[],"_links":{"self":[{"href":"https:\/\/agora.xtec.cat\/esc-teresabergada\/wp-json\/wp\/v2\/posts\/11082","targetHints":{"allow":["GET"]}}],"collection":[{"href":"https:\/\/agora.xtec.cat\/esc-teresabergada\/wp-json\/wp\/v2\/posts"}],"about":[{"href":"https:\/\/agora.xtec.cat\/esc-teresabergada\/wp-json\/wp\/v2\/types\/post"}],"author":[{"embeddable":true,"href":"https:\/\/agora.xtec.cat\/esc-teresabergada\/wp-json\/wp\/v2\/users\/28"}],"replies":[{"embeddable":true,"href":"https:\/\/agora.xtec.cat\/esc-teresabergada\/wp-json\/wp\/v2\/comments?post=11082"}],"version-history":[{"count":3,"href":"https:\/\/agora.xtec.cat\/esc-teresabergada\/wp-json\/wp\/v2\/posts\/11082\/revisions"}],"predecessor-version":[{"id":11090,"href":"https:\/\/agora.xtec.cat\/esc-teresabergada\/wp-json\/wp\/v2\/posts\/11082\/revisions\/11090"}],"wp:featuredmedia":[{"embeddable":true,"href":"https:\/\/agora.xtec.cat\/esc-teresabergada\/wp-json\/wp\/v2\/media\/11087"}],"wp:attachment":[{"href":"https:\/\/agora.xtec.cat\/esc-teresabergada\/wp-json\/wp\/v2\/media?parent=11082"}],"wp:term":[{"taxonomy":"category","embeddable":true,"href":"https:\/\/agora.xtec.cat\/esc-teresabergada\/wp-json\/wp\/v2\/categories?post=11082"},{"taxonomy":"post_tag","embeddable":true,"href":"https:\/\/agora.xtec.cat\/esc-teresabergada\/wp-json\/wp\/v2\/tags?post=11082"}],"curies":[{"name":"wp","href":"https:\/\/api.w.org\/{rel}","templated":true}]}}