{"id":11074,"date":"2022-11-04T14:07:41","date_gmt":"2022-11-04T13:07:41","guid":{"rendered":"https:\/\/agora.xtec.cat\/esc-teresabergada\/?p=11074"},"modified":"2022-11-04T14:07:41","modified_gmt":"2022-11-04T13:07:41","slug":"la-plana-de-lleida","status":"publish","type":"post","link":"https:\/\/agora.xtec.cat\/esc-teresabergada\/blocs-de-primaria\/4t\/la-plana-de-lleida\/","title":{"rendered":"LA PLANA DE LLEIDA"},"content":{"rendered":"<p>Avui al mat\u00ed, els nens i nenes de 4t hem pujat a la Serra per poder observar i dibuixar la plana de Lleida. Des del Sagrat Cor tenim una panor\u00e0mica fant\u00e0stica de la plana, i pel projecte de Catalunya que estem realitzant, considerem que poder palpar en primera persona aquells conceptes que treballem a l&#8217;escola \u00e9s molt important. No hem pogut arribar fins al mateix Sagrat Cor, ja que estan comen\u00e7ant-ne les obres d&#8217;adequaci\u00f3 del promontori, per\u00f2 hem pogut observar la plana fins al Prepirineu, i fins m\u00e9s enll\u00e0 de Lleida, de la qual n&#8217;hem pogut identificar el contorn de la Seu Vella dalt del seu tur\u00f3.<\/p>\n<p>Quan ens en fem conscients, \u00e9s impactant poder observar com la plana s&#8217;allarga tant com ho permet la nostra vista. Tots hav\u00edem pujat a la serra moltes vegades, per\u00f2 no ens hav\u00edem adonat d&#8217;aquest fet.<\/p>\n<p><img loading=\"lazy\" decoding=\"async\" class=\"aligncenter wp-image-11075 size-full\" src=\"https:\/\/agora.xtec.cat\/esc-teresabergada\/wp-content\/uploads\/usu1533\/2022\/11\/IMG_1170.jpg\" alt=\"\" width=\"1024\" height=\"375\" srcset=\"https:\/\/agora.xtec.cat\/esc-teresabergada\/wp-content\/uploads\/usu1533\/2022\/11\/IMG_1170.jpg 1024w, https:\/\/agora.xtec.cat\/esc-teresabergada\/wp-content\/uploads\/usu1533\/2022\/11\/IMG_1170-300x110.jpg 300w, https:\/\/agora.xtec.cat\/esc-teresabergada\/wp-content\/uploads\/usu1533\/2022\/11\/IMG_1170-768x281.jpg 768w\" sizes=\"auto, (max-width: 1024px) 100vw, 1024px\" \/><\/p>\n","protected":false},"excerpt":{"rendered":"<p>Avui al mat\u00ed, els nens i nenes de 4t hem pujat a la Serra per poder observar i dibuixar la plana de Lleida. Des del Sagrat Cor tenim una panor\u00e0mica fant\u00e0stica de la plana, i pel projecte de Catalunya que estem realitzant, considerem que poder&hellip;  <a href=\"https:\/\/agora.xtec.cat\/esc-teresabergada\/blocs-de-primaria\/4t\/la-plana-de-lleida\/\" title=\"Read LA PLANA DE LLEIDA\">Llegeix m\u00e9s\u00bb<\/a><\/p>\n","protected":false},"author":37,"featured_media":11075,"comment_status":"open","ping_status":"closed","sticky":false,"template":"","format":"standard","meta":{"_bbp_topic_count":0,"_bbp_reply_count":0,"_bbp_total_topic_count":0,"_bbp_total_reply_count":0,"_bbp_voice_count":0,"_bbp_anonymous_reply_count":0,"_bbp_topic_count_hidden":0,"_bbp_reply_count_hidden":0,"_bbp_forum_subforum_count":0,"footnotes":""},"categories":[250],"tags":[],"class_list":["post-11074","post","type-post","status-publish","format-standard","has-post-thumbnail","hentry","category-4t"],"post_mailing_queue_ids":[],"_links":{"self":[{"href":"https:\/\/agora.xtec.cat\/esc-teresabergada\/wp-json\/wp\/v2\/posts\/11074","targetHints":{"allow":["GET"]}}],"collection":[{"href":"https:\/\/agora.xtec.cat\/esc-teresabergada\/wp-json\/wp\/v2\/posts"}],"about":[{"href":"https:\/\/agora.xtec.cat\/esc-teresabergada\/wp-json\/wp\/v2\/types\/post"}],"author":[{"embeddable":true,"href":"https:\/\/agora.xtec.cat\/esc-teresabergada\/wp-json\/wp\/v2\/users\/37"}],"replies":[{"embeddable":true,"href":"https:\/\/agora.xtec.cat\/esc-teresabergada\/wp-json\/wp\/v2\/comments?post=11074"}],"version-history":[{"count":1,"href":"https:\/\/agora.xtec.cat\/esc-teresabergada\/wp-json\/wp\/v2\/posts\/11074\/revisions"}],"predecessor-version":[{"id":11076,"href":"https:\/\/agora.xtec.cat\/esc-teresabergada\/wp-json\/wp\/v2\/posts\/11074\/revisions\/11076"}],"wp:featuredmedia":[{"embeddable":true,"href":"https:\/\/agora.xtec.cat\/esc-teresabergada\/wp-json\/wp\/v2\/media\/11075"}],"wp:attachment":[{"href":"https:\/\/agora.xtec.cat\/esc-teresabergada\/wp-json\/wp\/v2\/media?parent=11074"}],"wp:term":[{"taxonomy":"category","embeddable":true,"href":"https:\/\/agora.xtec.cat\/esc-teresabergada\/wp-json\/wp\/v2\/categories?post=11074"},{"taxonomy":"post_tag","embeddable":true,"href":"https:\/\/agora.xtec.cat\/esc-teresabergada\/wp-json\/wp\/v2\/tags?post=11074"}],"curies":[{"name":"wp","href":"https:\/\/api.w.org\/{rel}","templated":true}]}}