{"id":11065,"date":"2022-11-03T18:44:04","date_gmt":"2022-11-03T17:44:04","guid":{"rendered":"https:\/\/agora.xtec.cat\/esc-teresabergada\/?p=11065"},"modified":"2022-11-03T18:44:04","modified_gmt":"2022-11-03T17:44:04","slug":"danses-de-tardor","status":"publish","type":"post","link":"https:\/\/agora.xtec.cat\/esc-teresabergada\/general\/danses-de-tardor\/","title":{"rendered":"DANSES DE TARDOR"},"content":{"rendered":"<p>Aquest curs, el dia de la Castanyada era lliure disposici\u00f3, aix\u00ed que vam celebrar-la el divendres 28.<\/p>\n<p>Vam poder tornar a viure una festa com les d&#8217;abans de la pand\u00e8mia, amb tallers de tardor pel mat\u00ed,\u00a0 amb les fam\u00edlies acompanyant-nos a la Ballada de Danses, i amb les castanyes torrades que ens va oferir, com sempre, l<span style=\"font-family: inherit; font-size: 1em;\">&#8216;AMPA. <\/span><\/p>\n<p><a href=\"https:\/\/agora.xtec.cat\/esc-teresabergada\/wp-content\/uploads\/usu1533\/2022\/11\/20221028_105136.jpg\"><img loading=\"lazy\" decoding=\"async\" class=\"aligncenter size-large wp-image-11071\" src=\"https:\/\/agora.xtec.cat\/esc-teresabergada\/wp-content\/uploads\/usu1533\/2022\/11\/20221028_105136-1024x478.jpg\" alt=\"\" width=\"1024\" height=\"478\" srcset=\"https:\/\/agora.xtec.cat\/esc-teresabergada\/wp-content\/uploads\/usu1533\/2022\/11\/20221028_105136-1024x478.jpg 1024w, https:\/\/agora.xtec.cat\/esc-teresabergada\/wp-content\/uploads\/usu1533\/2022\/11\/20221028_105136-300x140.jpg 300w, https:\/\/agora.xtec.cat\/esc-teresabergada\/wp-content\/uploads\/usu1533\/2022\/11\/20221028_105136-768x359.jpg 768w, https:\/\/agora.xtec.cat\/esc-teresabergada\/wp-content\/uploads\/usu1533\/2022\/11\/20221028_105136-1536x718.jpg 1536w, https:\/\/agora.xtec.cat\/esc-teresabergada\/wp-content\/uploads\/usu1533\/2022\/11\/20221028_105136-2048x957.jpg 2048w\" sizes=\"auto, (max-width: 1024px) 100vw, 1024px\" \/><\/a><\/p>\n<p><span style=\"font-family: inherit; font-size: 1em;\">Les \u00faltimes vegades que v\u00e0rem menjar castanyes despr\u00e9s de les danses a la tarda, el temps se&#8217;ns tirava a sobre i no les gaud\u00edem com vol\u00edem. Aix\u00ed que enguany, per primer cop, es va decidir menjar castanyes amb els nostres companys i companyes de classe, a l&#8217;hora del pati, amb la calma.\u00a0 Agra\u00efm a l&#8217;AMPA i als voluntaris que les varen estar torrant durant el dia anterior. <\/span><span style=\"font-family: inherit; font-size: 1em;\">Estaven bon\u00edssimes!<\/span><\/p>\n<p>A la tarda vam poder compartir al pavell\u00f3,\u00a0 amb les fam\u00edlies, les tradicionals danses de tardor. Tots i cadascun dels i les alumnes ho van fer FANT\u00c0STIC.<\/p>\n<p><a href=\"https:\/\/agora.xtec.cat\/esc-teresabergada\/wp-content\/uploads\/usu1533\/2022\/11\/20221028_152502-scaled.jpg\"><img loading=\"lazy\" decoding=\"async\" class=\"aligncenter size-large wp-image-11072\" src=\"https:\/\/agora.xtec.cat\/esc-teresabergada\/wp-content\/uploads\/usu1533\/2022\/11\/20221028_152502-1024x478.jpg\" alt=\"\" width=\"1024\" height=\"478\" srcset=\"https:\/\/agora.xtec.cat\/esc-teresabergada\/wp-content\/uploads\/usu1533\/2022\/11\/20221028_152502-1024x478.jpg 1024w, https:\/\/agora.xtec.cat\/esc-teresabergada\/wp-content\/uploads\/usu1533\/2022\/11\/20221028_152502-300x140.jpg 300w, https:\/\/agora.xtec.cat\/esc-teresabergada\/wp-content\/uploads\/usu1533\/2022\/11\/20221028_152502-768x359.jpg 768w, https:\/\/agora.xtec.cat\/esc-teresabergada\/wp-content\/uploads\/usu1533\/2022\/11\/20221028_152502-1536x717.jpg 1536w, https:\/\/agora.xtec.cat\/esc-teresabergada\/wp-content\/uploads\/usu1533\/2022\/11\/20221028_152502-2048x956.jpg 2048w\" sizes=\"auto, (max-width: 1024px) 100vw, 1024px\" \/><\/a><\/p>\n<p>Enhorabona per la feina feta durant aquest inici de\u00a0 trimestre a tots plegats.<\/p>\n<p><em>* Trobareu la resta d&#8217;imatges a les carpetes compartides.<\/em><\/p>\n","protected":false},"excerpt":{"rendered":"<p>Aquest curs, el dia de la Castanyada era lliure disposici\u00f3, aix\u00ed que vam celebrar-la el divendres 28.<br \/>\nVam poder tornar a viure una festa com les d&#8217;abans de la pand\u00e8mia, amb tallers de tardor pel mat\u00ed,\u00a0 amb les fam\u00edlies acompanyant-nos a la Ballada de Danses, i&hellip;  <a href=\"https:\/\/agora.xtec.cat\/esc-teresabergada\/general\/danses-de-tardor\/\" title=\"Read DANSES DE TARDOR\">Llegeix m\u00e9s\u00bb<\/a><\/p>\n","protected":false},"author":1,"featured_media":11071,"comment_status":"open","ping_status":"closed","sticky":false,"template":"","format":"standard","meta":{"_bbp_topic_count":0,"_bbp_reply_count":0,"_bbp_total_topic_count":0,"_bbp_total_reply_count":0,"_bbp_voice_count":0,"_bbp_anonymous_reply_count":0,"_bbp_topic_count_hidden":0,"_bbp_reply_count_hidden":0,"_bbp_forum_subforum_count":0,"footnotes":""},"categories":[1,4],"tags":[],"class_list":["post-11065","post","type-post","status-publish","format-standard","has-post-thumbnail","hentry","category-general","category-portada"],"post_mailing_queue_ids":[],"_links":{"self":[{"href":"https:\/\/agora.xtec.cat\/esc-teresabergada\/wp-json\/wp\/v2\/posts\/11065","targetHints":{"allow":["GET"]}}],"collection":[{"href":"https:\/\/agora.xtec.cat\/esc-teresabergada\/wp-json\/wp\/v2\/posts"}],"about":[{"href":"https:\/\/agora.xtec.cat\/esc-teresabergada\/wp-json\/wp\/v2\/types\/post"}],"author":[{"embeddable":true,"href":"https:\/\/agora.xtec.cat\/esc-teresabergada\/wp-json\/wp\/v2\/users\/1"}],"replies":[{"embeddable":true,"href":"https:\/\/agora.xtec.cat\/esc-teresabergada\/wp-json\/wp\/v2\/comments?post=11065"}],"version-history":[{"count":2,"href":"https:\/\/agora.xtec.cat\/esc-teresabergada\/wp-json\/wp\/v2\/posts\/11065\/revisions"}],"predecessor-version":[{"id":11073,"href":"https:\/\/agora.xtec.cat\/esc-teresabergada\/wp-json\/wp\/v2\/posts\/11065\/revisions\/11073"}],"wp:featuredmedia":[{"embeddable":true,"href":"https:\/\/agora.xtec.cat\/esc-teresabergada\/wp-json\/wp\/v2\/media\/11071"}],"wp:attachment":[{"href":"https:\/\/agora.xtec.cat\/esc-teresabergada\/wp-json\/wp\/v2\/media?parent=11065"}],"wp:term":[{"taxonomy":"category","embeddable":true,"href":"https:\/\/agora.xtec.cat\/esc-teresabergada\/wp-json\/wp\/v2\/categories?post=11065"},{"taxonomy":"post_tag","embeddable":true,"href":"https:\/\/agora.xtec.cat\/esc-teresabergada\/wp-json\/wp\/v2\/tags?post=11065"}],"curies":[{"name":"wp","href":"https:\/\/api.w.org\/{rel}","templated":true}]}}