{"id":11060,"date":"2022-10-27T11:42:50","date_gmt":"2022-10-27T09:42:50","guid":{"rendered":"https:\/\/agora.xtec.cat\/esc-teresabergada\/?p=11060"},"modified":"2022-11-05T09:37:52","modified_gmt":"2022-11-05T08:37:52","slug":"tet","status":"publish","type":"post","link":"https:\/\/agora.xtec.cat\/esc-teresabergada\/blocs-de-primaria\/6e\/tet\/","title":{"rendered":"TET"},"content":{"rendered":"<p>El dimecres 19 d&#8217;octubre del 2022 va venir, a la classe de 6\u00e8 B, un gos que es diu Tet i la seva propiet\u00e0ria que es diu Laura i treballa fent ter\u00e0pia amb animals. Vindran cada 15 dies per ajudar-nos a treballar les emocions.<\/p>\n<p>Primer vam fer una activitat que es deia &#8220;Qui S\u00f3c&#8221;. La Laura ens va dir que hav\u00edem d&#8217;agafar un post-it i el llapis per posar tres coses sobre nosaltres. Despr\u00e9s el que vam ficar als papers ho vam posar dins de la motxilla del Tet. Cada nen sortia a agafar un paper i havia de saber de qui era llegint el que hi posava.<\/p>\n<p><span style=\"font-weight: 400\">La Laura va portar un joc de fusta perqu\u00e8 el Tet busqu\u00e9s el menjar. Ella va triar a uns quants nens i nenes de la classe i els va donar una llaminadura. Nosaltres vam amagar-la sota una fusta amb un forat al mig. Ell va olorar damunt de les peces de fusta i va trobar el menjar que li hav\u00edem posat. <\/span><span style=\"font-weight: 400\">Quan quasi era l\u2019hora de marxar ens va dir si vol\u00edem fer alguna pregunta i donar-li algunes llaminadures m\u00e9s.<\/span><\/p>\n<p><span style=\"font-weight: 400\">Ens ho vam passar molt b\u00e9!<\/span><\/p>\n<p><a href=\"https:\/\/agora.xtec.cat\/esc-teresabergada\/wp-content\/uploads\/usu1533\/2022\/10\/IMG_5387.jpg\"><img loading=\"lazy\" decoding=\"async\" class=\"alignnone size-large wp-image-11062\" src=\"https:\/\/agora.xtec.cat\/esc-teresabergada\/wp-content\/uploads\/usu1533\/2022\/10\/IMG_5387-1024x768.jpg\" alt=\"\" width=\"1024\" height=\"768\" srcset=\"https:\/\/agora.xtec.cat\/esc-teresabergada\/wp-content\/uploads\/usu1533\/2022\/10\/IMG_5387-1024x768.jpg 1024w, https:\/\/agora.xtec.cat\/esc-teresabergada\/wp-content\/uploads\/usu1533\/2022\/10\/IMG_5387-300x225.jpg 300w, https:\/\/agora.xtec.cat\/esc-teresabergada\/wp-content\/uploads\/usu1533\/2022\/10\/IMG_5387-768x576.jpg 768w, https:\/\/agora.xtec.cat\/esc-teresabergada\/wp-content\/uploads\/usu1533\/2022\/10\/IMG_5387-1536x1152.jpg 1536w, https:\/\/agora.xtec.cat\/esc-teresabergada\/wp-content\/uploads\/usu1533\/2022\/10\/IMG_5387-200x150.jpg 200w, https:\/\/agora.xtec.cat\/esc-teresabergada\/wp-content\/uploads\/usu1533\/2022\/10\/IMG_5387.jpg 2016w\" sizes=\"auto, (max-width: 1024px) 100vw, 1024px\" \/><\/a><\/p>\n<p>Pol Pu\u00f1et i Nil Gonzalez<\/p>\n","protected":false},"excerpt":{"rendered":"<p>El dimecres 19 d&#8217;octubre del 2022 va venir, a la classe de 6\u00e8 B, un gos que es diu Tet i la seva propiet\u00e0ria que es diu Laura i treballa fent ter\u00e0pia amb animals. Vindran cada 15 dies per ajudar-nos a treballar les emocions.<br \/>\nPrimer vam&hellip;  <a href=\"https:\/\/agora.xtec.cat\/esc-teresabergada\/blocs-de-primaria\/6e\/tet\/\" title=\"Read TET\">Llegeix m\u00e9s\u00bb<\/a><\/p>\n","protected":false},"author":28,"featured_media":11061,"comment_status":"open","ping_status":"closed","sticky":false,"template":"","format":"standard","meta":{"_bbp_topic_count":0,"_bbp_reply_count":0,"_bbp_total_topic_count":0,"_bbp_total_reply_count":0,"_bbp_voice_count":0,"_bbp_anonymous_reply_count":0,"_bbp_topic_count_hidden":0,"_bbp_reply_count_hidden":0,"_bbp_forum_subforum_count":0,"footnotes":""},"categories":[349,240],"tags":[],"class_list":["post-11060","post","type-post","status-publish","format-standard","has-post-thumbnail","hentry","category-5e","category-6e"],"post_mailing_queue_ids":[],"_links":{"self":[{"href":"https:\/\/agora.xtec.cat\/esc-teresabergada\/wp-json\/wp\/v2\/posts\/11060","targetHints":{"allow":["GET"]}}],"collection":[{"href":"https:\/\/agora.xtec.cat\/esc-teresabergada\/wp-json\/wp\/v2\/posts"}],"about":[{"href":"https:\/\/agora.xtec.cat\/esc-teresabergada\/wp-json\/wp\/v2\/types\/post"}],"author":[{"embeddable":true,"href":"https:\/\/agora.xtec.cat\/esc-teresabergada\/wp-json\/wp\/v2\/users\/28"}],"replies":[{"embeddable":true,"href":"https:\/\/agora.xtec.cat\/esc-teresabergada\/wp-json\/wp\/v2\/comments?post=11060"}],"version-history":[{"count":1,"href":"https:\/\/agora.xtec.cat\/esc-teresabergada\/wp-json\/wp\/v2\/posts\/11060\/revisions"}],"predecessor-version":[{"id":11063,"href":"https:\/\/agora.xtec.cat\/esc-teresabergada\/wp-json\/wp\/v2\/posts\/11060\/revisions\/11063"}],"wp:featuredmedia":[{"embeddable":true,"href":"https:\/\/agora.xtec.cat\/esc-teresabergada\/wp-json\/wp\/v2\/media\/11061"}],"wp:attachment":[{"href":"https:\/\/agora.xtec.cat\/esc-teresabergada\/wp-json\/wp\/v2\/media?parent=11060"}],"wp:term":[{"taxonomy":"category","embeddable":true,"href":"https:\/\/agora.xtec.cat\/esc-teresabergada\/wp-json\/wp\/v2\/categories?post=11060"},{"taxonomy":"post_tag","embeddable":true,"href":"https:\/\/agora.xtec.cat\/esc-teresabergada\/wp-json\/wp\/v2\/tags?post=11060"}],"curies":[{"name":"wp","href":"https:\/\/api.w.org\/{rel}","templated":true}]}}