{"id":11047,"date":"2022-10-24T08:20:11","date_gmt":"2022-10-24T06:20:11","guid":{"rendered":"https:\/\/agora.xtec.cat\/esc-teresabergada\/?p=11047"},"modified":"2022-10-24T08:20:11","modified_gmt":"2022-10-24T06:20:11","slug":"sortida-a-lleida-parc-la-mitjana","status":"publish","type":"post","link":"https:\/\/agora.xtec.cat\/esc-teresabergada\/infantil\/sortida-a-lleida-parc-la-mitjana\/","title":{"rendered":"SORTIDA A LLEIDA: Parc La Mitjana"},"content":{"rendered":"<p>La primera sortida del curs 2022-23 ha estat al Parc de La mitjana de LLeida. Tot i que ens est\u00e0 fent una tardor c\u00e0lida hem aprofitat totes les sensacions de l&#8217;entorn, d&#8217;aquesta estaci\u00f3.<\/p>\n<p>Hem fet un petit recorregut pel Parc utilitzant materials de suport -l\u00e0mines, lupes- i agafant els \u201ctresors\u201d que ens hem anat trobant com ara fulles, branquetes, c\u00f2dols, &#8230; Tot per con\u00e9ixer els principals elements de bosc de ribera. A m\u00e9s a m\u00e9s ens han presentat diferents esp\u00e8cies animals, habitants del bosc i del riu, les seves caracter\u00edstiques i les seves cases.<\/p>\n<p>Ens ha agradat molt i recomanem tornar-hi amb les fam\u00edlies.<\/p>\n<p><a href=\"https:\/\/agora.xtec.cat\/esc-teresabergada\/wp-content\/uploads\/usu1533\/2022\/10\/La-Mitjana-3.png\"><img loading=\"lazy\" decoding=\"async\" class=\"wp-image-11048 aligncenter\" src=\"https:\/\/agora.xtec.cat\/esc-teresabergada\/wp-content\/uploads\/usu1533\/2022\/10\/La-Mitjana-3.png\" alt=\"\" width=\"454\" height=\"363\" srcset=\"https:\/\/agora.xtec.cat\/esc-teresabergada\/wp-content\/uploads\/usu1533\/2022\/10\/La-Mitjana-3.png 1024w, https:\/\/agora.xtec.cat\/esc-teresabergada\/wp-content\/uploads\/usu1533\/2022\/10\/La-Mitjana-3-300x240.png 300w, https:\/\/agora.xtec.cat\/esc-teresabergada\/wp-content\/uploads\/usu1533\/2022\/10\/La-Mitjana-3-768x614.png 768w\" sizes=\"auto, (max-width: 454px) 100vw, 454px\" \/><\/a><\/p>\n<p>Si voleu veure les fotos de la sortida, podeu accedir a l&#8217;enlla\u00e7 que us han compartit.<\/p>\n","protected":false},"excerpt":{"rendered":"<p>La primera sortida del curs 2022-23 ha estat al Parc de La mitjana de LLeida. Tot i que ens est\u00e0 fent una tardor c\u00e0lida hem aprofitat totes les sensacions de l&#8217;entorn, d&#8217;aquesta estaci\u00f3.<br \/>\nHem fet un petit recorregut pel Parc utilitzant materials de suport -l\u00e0mines, lupes-&hellip;  <a href=\"https:\/\/agora.xtec.cat\/esc-teresabergada\/infantil\/sortida-a-lleida-parc-la-mitjana\/\" title=\"Read SORTIDA A LLEIDA: Parc La Mitjana\">Llegeix m\u00e9s\u00bb<\/a><\/p>\n","protected":false},"author":12,"featured_media":0,"comment_status":"open","ping_status":"closed","sticky":false,"template":"","format":"standard","meta":{"_bbp_topic_count":0,"_bbp_reply_count":0,"_bbp_total_topic_count":0,"_bbp_total_reply_count":0,"_bbp_voice_count":0,"_bbp_anonymous_reply_count":0,"_bbp_topic_count_hidden":0,"_bbp_reply_count_hidden":0,"_bbp_forum_subforum_count":0,"footnotes":""},"categories":[515,236,251,2],"tags":[121,123],"class_list":["post-11047","post","type-post","status-publish","format-standard","hentry","category-i3","category-i4","category-i5","category-infantil","tag-educacio-infantil","tag-sortida"],"post_mailing_queue_ids":[],"_links":{"self":[{"href":"https:\/\/agora.xtec.cat\/esc-teresabergada\/wp-json\/wp\/v2\/posts\/11047","targetHints":{"allow":["GET"]}}],"collection":[{"href":"https:\/\/agora.xtec.cat\/esc-teresabergada\/wp-json\/wp\/v2\/posts"}],"about":[{"href":"https:\/\/agora.xtec.cat\/esc-teresabergada\/wp-json\/wp\/v2\/types\/post"}],"author":[{"embeddable":true,"href":"https:\/\/agora.xtec.cat\/esc-teresabergada\/wp-json\/wp\/v2\/users\/12"}],"replies":[{"embeddable":true,"href":"https:\/\/agora.xtec.cat\/esc-teresabergada\/wp-json\/wp\/v2\/comments?post=11047"}],"version-history":[{"count":2,"href":"https:\/\/agora.xtec.cat\/esc-teresabergada\/wp-json\/wp\/v2\/posts\/11047\/revisions"}],"predecessor-version":[{"id":11050,"href":"https:\/\/agora.xtec.cat\/esc-teresabergada\/wp-json\/wp\/v2\/posts\/11047\/revisions\/11050"}],"wp:attachment":[{"href":"https:\/\/agora.xtec.cat\/esc-teresabergada\/wp-json\/wp\/v2\/media?parent=11047"}],"wp:term":[{"taxonomy":"category","embeddable":true,"href":"https:\/\/agora.xtec.cat\/esc-teresabergada\/wp-json\/wp\/v2\/categories?post=11047"},{"taxonomy":"post_tag","embeddable":true,"href":"https:\/\/agora.xtec.cat\/esc-teresabergada\/wp-json\/wp\/v2\/tags?post=11047"}],"curies":[{"name":"wp","href":"https:\/\/api.w.org\/{rel}","templated":true}]}}