{"id":11040,"date":"2022-10-21T12:30:45","date_gmt":"2022-10-21T10:30:45","guid":{"rendered":"https:\/\/agora.xtec.cat\/esc-teresabergada\/?p=11040"},"modified":"2022-12-04T21:31:14","modified_gmt":"2022-12-04T20:31:14","slug":"sortida-street-art","status":"publish","type":"post","link":"https:\/\/agora.xtec.cat\/esc-teresabergada\/blocs-de-primaria\/2n\/sortida-street-art\/","title":{"rendered":"Sortida Street Art"},"content":{"rendered":"<p>Graffitis, murals, dibuixos de grans dimensions,&#8230;\u00e9s a dir: <span style=\"color: #0000ff\"><span style=\"color: #00ccff\">STREET ART<\/span>.<\/span>\u00a0 Tot aix\u00f2 \u00e9s el que hem iniciat a treballar en l&#8217;\u00e0mbit art\u00edstic,\u00a0 i anar a fer una visita a <span style=\"color: #ff0000\">Penelles,<\/span> on els seus carrers i fa\u00e7anes estan plens d&#8217;aquest art, ens ha ajudat molt a entendre una mica quina \u00e9s la seva esc\u00e8ncia.<\/p>\n<p>A\u00a0 m\u00e9s a m\u00e9s tamb\u00e9 ha servit per gaudir d&#8217;un dia espl\u00e8ndit i compartir, conviure, riure i jugar amb els companys i companyes.<\/p>\n<p>&nbsp;<\/p>\n<div style=\"width: 1080px;\" class=\"wp-video\"><!--[if lt IE 9]><script>document.createElement('video');<\/script><![endif]-->\n<video class=\"wp-video-shortcode\" id=\"video-11040-1\" width=\"1080\" height=\"1920\" preload=\"metadata\" controls=\"controls\"><source type=\"video\/mp4\" src=\"https:\/\/agora.xtec.cat\/esc-teresabergada\/wp-content\/uploads\/usu1533\/2022\/10\/PENELLES.mp4?_=1\" \/><a href=\"https:\/\/agora.xtec.cat\/esc-teresabergada\/wp-content\/uploads\/usu1533\/2022\/10\/PENELLES.mp4\">https:\/\/agora.xtec.cat\/esc-teresabergada\/wp-content\/uploads\/usu1533\/2022\/10\/PENELLES.mp4<\/a><\/video><\/div>\n","protected":false},"excerpt":{"rendered":"<p>Graffitis, murals, dibuixos de grans dimensions,&#8230;\u00e9s a dir: STREET ART.\u00a0 Tot aix\u00f2 \u00e9s el que hem iniciat a treballar en l&#8217;\u00e0mbit art\u00edstic,\u00a0 i anar a fer una visita a Penelles, on els seus carrers i fa\u00e7anes estan plens d&#8217;aquest art, ens ha ajudat molt a&hellip;  <a href=\"https:\/\/agora.xtec.cat\/esc-teresabergada\/blocs-de-primaria\/2n\/sortida-street-art\/\" title=\"Read Sortida Street Art\">Llegeix m\u00e9s\u00bb<\/a><\/p>\n","protected":false},"author":16,"featured_media":11041,"comment_status":"open","ping_status":"closed","sticky":false,"template":"","format":"standard","meta":{"_bbp_topic_count":0,"_bbp_reply_count":0,"_bbp_total_topic_count":0,"_bbp_total_reply_count":0,"_bbp_voice_count":0,"_bbp_anonymous_reply_count":0,"_bbp_topic_count_hidden":0,"_bbp_reply_count_hidden":0,"_bbp_forum_subforum_count":0,"footnotes":""},"categories":[348,153],"tags":[244,628,629,630,123,397],"class_list":["post-11040","post","type-post","status-publish","format-standard","has-post-thumbnail","hentry","category-1r","category-2n","tag-art","tag-graffiti","tag-murals","tag-penelles","tag-sortida","tag-street-art"],"post_mailing_queue_ids":[],"_links":{"self":[{"href":"https:\/\/agora.xtec.cat\/esc-teresabergada\/wp-json\/wp\/v2\/posts\/11040","targetHints":{"allow":["GET"]}}],"collection":[{"href":"https:\/\/agora.xtec.cat\/esc-teresabergada\/wp-json\/wp\/v2\/posts"}],"about":[{"href":"https:\/\/agora.xtec.cat\/esc-teresabergada\/wp-json\/wp\/v2\/types\/post"}],"author":[{"embeddable":true,"href":"https:\/\/agora.xtec.cat\/esc-teresabergada\/wp-json\/wp\/v2\/users\/16"}],"replies":[{"embeddable":true,"href":"https:\/\/agora.xtec.cat\/esc-teresabergada\/wp-json\/wp\/v2\/comments?post=11040"}],"version-history":[{"count":3,"href":"https:\/\/agora.xtec.cat\/esc-teresabergada\/wp-json\/wp\/v2\/posts\/11040\/revisions"}],"predecessor-version":[{"id":11045,"href":"https:\/\/agora.xtec.cat\/esc-teresabergada\/wp-json\/wp\/v2\/posts\/11040\/revisions\/11045"}],"wp:featuredmedia":[{"embeddable":true,"href":"https:\/\/agora.xtec.cat\/esc-teresabergada\/wp-json\/wp\/v2\/media\/11041"}],"wp:attachment":[{"href":"https:\/\/agora.xtec.cat\/esc-teresabergada\/wp-json\/wp\/v2\/media?parent=11040"}],"wp:term":[{"taxonomy":"category","embeddable":true,"href":"https:\/\/agora.xtec.cat\/esc-teresabergada\/wp-json\/wp\/v2\/categories?post=11040"},{"taxonomy":"post_tag","embeddable":true,"href":"https:\/\/agora.xtec.cat\/esc-teresabergada\/wp-json\/wp\/v2\/tags?post=11040"}],"curies":[{"name":"wp","href":"https:\/\/api.w.org\/{rel}","templated":true}]}}