{"id":11026,"date":"2022-10-19T12:59:38","date_gmt":"2022-10-19T10:59:38","guid":{"rendered":"https:\/\/agora.xtec.cat\/esc-teresabergada\/?p=11026"},"modified":"2022-10-19T13:00:06","modified_gmt":"2022-10-19T11:00:06","slug":"exposicio-dones-historiques","status":"publish","type":"post","link":"https:\/\/agora.xtec.cat\/esc-teresabergada\/general\/exposicio-dones-historiques\/","title":{"rendered":"EXPOSICI\u00d3 DONES HIST\u00d2RIQUES"},"content":{"rendered":"<p>Aquesta setmana les i els alumnes de 4t hem visitat l&#8217;exposici\u00f3 &#8220;Dones hist\u00f2riques&#8221; a la biblioteca municipal Josep Lladonosa i Pujol. Ha estat cedida pel Consell Comarcal del Segri\u00e0 i la presenta la Sra. \u00c0ngels Revenga. Ens ha explicat els relats de vida de dones que han estat importants en diferents \u00e0mbits de la societat en diferents \u00e8poques: art\u00edstic, literari, cient\u00edfic, ecologista, pedagog,&#8230;<\/p>\n<p>Podem anomenar la Rosa Parks, la Clara Schumann, la Maria Curie, la Virginia Woolf, la Frida Kahlo, Valentina Tereixkova, Amelia Earhart, Simone de Beauvoir, Hedy Lamarr, Maria Montessori,&#8230; entre d&#8217;altres.<\/p>\n<p>Totes elles reivindiquen un m\u00f3n m\u00e9s igualitari, m\u00e9s feminitzat on el paper de la dona es reconegui igual en els drets i poder vetllar aix\u00ed per la igualtat de g\u00e8nere.<\/p>\n<p>Exposicions com aquestes serveixen per reivindicar el feminisme i denunciar un sexisme que intenta perpetuar-se amb diferents formes.<\/p>\n<p>Hem gaudit molt amb les diferents hist\u00f2ries i an\u00e8cdotes que ens ha explicat l&#8217;\u00c0ngels.<\/p>\n<p>Les i els alumnes de 4t i les senyoretes Gisela i Pilar<\/p>\n<p style=\"text-align: center\">\u00a0<a href=\"https:\/\/agora.xtec.cat\/esc-teresabergada\/wp-content\/uploads\/usu1533\/2022\/10\/20221017_093658.jpg\"><img loading=\"lazy\" decoding=\"async\" class=\"alignnone wp-image-11035 size-medium\" src=\"https:\/\/agora.xtec.cat\/esc-teresabergada\/wp-content\/uploads\/usu1533\/2022\/10\/20221017_093658-300x225.jpg\" alt=\"\" width=\"300\" height=\"225\" srcset=\"https:\/\/agora.xtec.cat\/esc-teresabergada\/wp-content\/uploads\/usu1533\/2022\/10\/20221017_093658-300x225.jpg 300w, https:\/\/agora.xtec.cat\/esc-teresabergada\/wp-content\/uploads\/usu1533\/2022\/10\/20221017_093658-1024x768.jpg 1024w, https:\/\/agora.xtec.cat\/esc-teresabergada\/wp-content\/uploads\/usu1533\/2022\/10\/20221017_093658-768x576.jpg 768w, https:\/\/agora.xtec.cat\/esc-teresabergada\/wp-content\/uploads\/usu1533\/2022\/10\/20221017_093658-200x150.jpg 200w, https:\/\/agora.xtec.cat\/esc-teresabergada\/wp-content\/uploads\/usu1533\/2022\/10\/20221017_093658.jpg 1204w\" sizes=\"auto, (max-width: 300px) 100vw, 300px\" \/><\/a> \u00a0 \u00a0<a href=\"https:\/\/agora.xtec.cat\/esc-teresabergada\/wp-content\/uploads\/usu1533\/2022\/10\/IMG_0946-1.jpg\"><img loading=\"lazy\" decoding=\"async\" class=\"alignnone wp-image-11029 size-medium\" src=\"https:\/\/agora.xtec.cat\/esc-teresabergada\/wp-content\/uploads\/usu1533\/2022\/10\/IMG_0946-1-300x225.jpg\" alt=\"\" width=\"300\" height=\"225\" srcset=\"https:\/\/agora.xtec.cat\/esc-teresabergada\/wp-content\/uploads\/usu1533\/2022\/10\/IMG_0946-1-300x225.jpg 300w, https:\/\/agora.xtec.cat\/esc-teresabergada\/wp-content\/uploads\/usu1533\/2022\/10\/IMG_0946-1-200x150.jpg 200w, https:\/\/agora.xtec.cat\/esc-teresabergada\/wp-content\/uploads\/usu1533\/2022\/10\/IMG_0946-1.jpg 640w\" sizes=\"auto, (max-width: 300px) 100vw, 300px\" \/><\/a><\/p>\n<p style=\"text-align: center\"><a href=\"https:\/\/agora.xtec.cat\/esc-teresabergada\/wp-content\/uploads\/usu1533\/2022\/10\/IMG_0942-1.jpg\"><img loading=\"lazy\" decoding=\"async\" class=\"alignnone wp-image-11031 size-medium\" src=\"https:\/\/agora.xtec.cat\/esc-teresabergada\/wp-content\/uploads\/usu1533\/2022\/10\/IMG_0942-1-300x225.jpg\" alt=\"\" width=\"300\" height=\"225\" srcset=\"https:\/\/agora.xtec.cat\/esc-teresabergada\/wp-content\/uploads\/usu1533\/2022\/10\/IMG_0942-1-300x225.jpg 300w, https:\/\/agora.xtec.cat\/esc-teresabergada\/wp-content\/uploads\/usu1533\/2022\/10\/IMG_0942-1-200x150.jpg 200w, https:\/\/agora.xtec.cat\/esc-teresabergada\/wp-content\/uploads\/usu1533\/2022\/10\/IMG_0942-1.jpg 640w\" sizes=\"auto, (max-width: 300px) 100vw, 300px\" \/><\/a> <a href=\"https:\/\/agora.xtec.cat\/esc-teresabergada\/wp-content\/uploads\/usu1533\/2022\/10\/IMG_0944-2.jpg\">\u00a0 \u00a0<img loading=\"lazy\" decoding=\"async\" class=\"alignnone wp-image-11030 size-medium\" src=\"https:\/\/agora.xtec.cat\/esc-teresabergada\/wp-content\/uploads\/usu1533\/2022\/10\/IMG_0944-2-300x225.jpg\" alt=\"\" width=\"300\" height=\"225\" srcset=\"https:\/\/agora.xtec.cat\/esc-teresabergada\/wp-content\/uploads\/usu1533\/2022\/10\/IMG_0944-2-300x225.jpg 300w, https:\/\/agora.xtec.cat\/esc-teresabergada\/wp-content\/uploads\/usu1533\/2022\/10\/IMG_0944-2-200x150.jpg 200w, https:\/\/agora.xtec.cat\/esc-teresabergada\/wp-content\/uploads\/usu1533\/2022\/10\/IMG_0944-2.jpg 640w\" sizes=\"auto, (max-width: 300px) 100vw, 300px\" \/><\/a><\/p>\n<p><a href=\"https:\/\/agora.xtec.cat\/esc-teresabergada\/wp-content\/uploads\/usu1533\/2022\/10\/IMG_0942-1.jpg\">\u00a0 \u00a0<\/a><\/p>\n<p>&nbsp;<\/p>\n","protected":false},"excerpt":{"rendered":"<p>Aquesta setmana les i els alumnes de 4t hem visitat l&#8217;exposici\u00f3 &#8220;Dones hist\u00f2riques&#8221; a la biblioteca municipal Josep Lladonosa i Pujol. Ha estat cedida pel Consell Comarcal del Segri\u00e0 i la presenta la Sra. \u00c0ngels Revenga. Ens ha explicat els relats de vida de dones&hellip;  <a href=\"https:\/\/agora.xtec.cat\/esc-teresabergada\/general\/exposicio-dones-historiques\/\" title=\"Read EXPOSICI\u00d3 DONES HIST\u00d2RIQUES\">Llegeix m\u00e9s\u00bb<\/a><\/p>\n","protected":false},"author":14,"featured_media":11028,"comment_status":"open","ping_status":"closed","sticky":false,"template":"","format":"standard","meta":{"_bbp_topic_count":0,"_bbp_reply_count":0,"_bbp_total_topic_count":0,"_bbp_total_reply_count":0,"_bbp_voice_count":0,"_bbp_anonymous_reply_count":0,"_bbp_topic_count_hidden":0,"_bbp_reply_count_hidden":0,"_bbp_forum_subforum_count":0,"footnotes":""},"categories":[250,1],"tags":[622,623],"class_list":["post-11026","post","type-post","status-publish","format-standard","has-post-thumbnail","hentry","category-4t","category-general","tag-biblioteca-josep-lladonosa","tag-consell-comarcal-del-segria"],"post_mailing_queue_ids":[],"_links":{"self":[{"href":"https:\/\/agora.xtec.cat\/esc-teresabergada\/wp-json\/wp\/v2\/posts\/11026","targetHints":{"allow":["GET"]}}],"collection":[{"href":"https:\/\/agora.xtec.cat\/esc-teresabergada\/wp-json\/wp\/v2\/posts"}],"about":[{"href":"https:\/\/agora.xtec.cat\/esc-teresabergada\/wp-json\/wp\/v2\/types\/post"}],"author":[{"embeddable":true,"href":"https:\/\/agora.xtec.cat\/esc-teresabergada\/wp-json\/wp\/v2\/users\/14"}],"replies":[{"embeddable":true,"href":"https:\/\/agora.xtec.cat\/esc-teresabergada\/wp-json\/wp\/v2\/comments?post=11026"}],"version-history":[{"count":3,"href":"https:\/\/agora.xtec.cat\/esc-teresabergada\/wp-json\/wp\/v2\/posts\/11026\/revisions"}],"predecessor-version":[{"id":11038,"href":"https:\/\/agora.xtec.cat\/esc-teresabergada\/wp-json\/wp\/v2\/posts\/11026\/revisions\/11038"}],"wp:featuredmedia":[{"embeddable":true,"href":"https:\/\/agora.xtec.cat\/esc-teresabergada\/wp-json\/wp\/v2\/media\/11028"}],"wp:attachment":[{"href":"https:\/\/agora.xtec.cat\/esc-teresabergada\/wp-json\/wp\/v2\/media?parent=11026"}],"wp:term":[{"taxonomy":"category","embeddable":true,"href":"https:\/\/agora.xtec.cat\/esc-teresabergada\/wp-json\/wp\/v2\/categories?post=11026"},{"taxonomy":"post_tag","embeddable":true,"href":"https:\/\/agora.xtec.cat\/esc-teresabergada\/wp-json\/wp\/v2\/tags?post=11026"}],"curies":[{"name":"wp","href":"https:\/\/api.w.org\/{rel}","templated":true}]}}