{"id":11020,"date":"2022-10-20T19:07:21","date_gmt":"2022-10-20T17:07:21","guid":{"rendered":"https:\/\/agora.xtec.cat\/esc-teresabergada\/?p=11020"},"modified":"2022-10-20T19:07:21","modified_gmt":"2022-10-20T17:07:21","slug":"iniciem-el-projecte-el-nostre-poble","status":"publish","type":"post","link":"https:\/\/agora.xtec.cat\/esc-teresabergada\/blocs-de-primaria\/2n\/iniciem-el-projecte-el-nostre-poble\/","title":{"rendered":"INICIEM EL PROJECTE: EL NOSTRE POBLE"},"content":{"rendered":"<p>Fa uns dies a l&#8217;escola vam rebre una carta misteriosa.<\/p>\n<p>L&#8217;historiador Faust\u00ed Seraf\u00ed\u00a0 demanava a les nenes i nens de cicle inicial que l&#8217;ajudessin a buscar una maleta perduda on hi havia informaci\u00f3 molt valuosa per poder fer una investigaci\u00f3.<\/p>\n<p>Tots ens vam posar en marxa per poder-lo ajudar, i despr\u00e9s de seguir el mapa del tresor, i resoldre les pistes que ens anava deixant, vam trobar la maleta!<\/p>\n<p>Estava plena de material per poder investigar el nostre poble: ALGUAIRE!<\/p>\n<p>Per tant, el projecte de medi que ara iniciem anir\u00e0 relacionat amb el nostre poble i els nens i nenes buscaran molta informaci\u00f3 i aprendran moltes coses per despr\u00e9s ajudar al Sr. Faust\u00ed i explicar-li tot all\u00f2 que han apr\u00e8s.<\/p>\n<div style=\"width: 1920px;\" class=\"wp-video\"><!--[if lt IE 9]><script>document.createElement('video');<\/script><![endif]-->\n<video class=\"wp-video-shortcode\" id=\"video-11020-1\" width=\"1920\" height=\"1080\" preload=\"metadata\" controls=\"controls\"><source type=\"video\/mp4\" src=\"https:\/\/agora.xtec.cat\/esc-teresabergada\/wp-content\/uploads\/usu1533\/2022\/10\/Una-carta-misteriosa-2.mp4?_=1\" \/><a href=\"https:\/\/agora.xtec.cat\/esc-teresabergada\/wp-content\/uploads\/usu1533\/2022\/10\/Una-carta-misteriosa-2.mp4\">https:\/\/agora.xtec.cat\/esc-teresabergada\/wp-content\/uploads\/usu1533\/2022\/10\/Una-carta-misteriosa-2.mp4<\/a><\/video><\/div>\n","protected":false},"excerpt":{"rendered":"<p>Fa uns dies a l&#8217;escola vam rebre una carta misteriosa.<br \/>\nL&#8217;historiador Faust\u00ed Seraf\u00ed\u00a0 demanava a les nenes i nens de cicle inicial que l&#8217;ajudessin a buscar una maleta perduda on hi havia informaci\u00f3 molt valuosa per poder fer una investigaci\u00f3.<br \/>\nTots ens vam posar en marxa per&hellip;  <a href=\"https:\/\/agora.xtec.cat\/esc-teresabergada\/blocs-de-primaria\/2n\/iniciem-el-projecte-el-nostre-poble\/\" title=\"Read INICIEM EL PROJECTE: EL NOSTRE POBLE\">Llegeix m\u00e9s\u00bb<\/a><\/p>\n","protected":false},"author":16,"featured_media":11021,"comment_status":"open","ping_status":"closed","sticky":false,"template":"","format":"standard","meta":{"_bbp_topic_count":0,"_bbp_reply_count":0,"_bbp_total_topic_count":0,"_bbp_total_reply_count":0,"_bbp_voice_count":0,"_bbp_anonymous_reply_count":0,"_bbp_topic_count_hidden":0,"_bbp_reply_count_hidden":0,"_bbp_forum_subforum_count":0,"footnotes":""},"categories":[348,153],"tags":[625,359,624,135,627,626,172,70],"class_list":["post-11020","post","type-post","status-publish","format-standard","has-post-thumbnail","hentry","category-1r","category-2n","tag-activitat-de-xoc","tag-alguaire","tag-carta-misteriosa","tag-cicle-inicial","tag-el-nostre-poble","tag-maleta-perduda","tag-medi","tag-projecte"],"post_mailing_queue_ids":[],"_links":{"self":[{"href":"https:\/\/agora.xtec.cat\/esc-teresabergada\/wp-json\/wp\/v2\/posts\/11020","targetHints":{"allow":["GET"]}}],"collection":[{"href":"https:\/\/agora.xtec.cat\/esc-teresabergada\/wp-json\/wp\/v2\/posts"}],"about":[{"href":"https:\/\/agora.xtec.cat\/esc-teresabergada\/wp-json\/wp\/v2\/types\/post"}],"author":[{"embeddable":true,"href":"https:\/\/agora.xtec.cat\/esc-teresabergada\/wp-json\/wp\/v2\/users\/16"}],"replies":[{"embeddable":true,"href":"https:\/\/agora.xtec.cat\/esc-teresabergada\/wp-json\/wp\/v2\/comments?post=11020"}],"version-history":[{"count":3,"href":"https:\/\/agora.xtec.cat\/esc-teresabergada\/wp-json\/wp\/v2\/posts\/11020\/revisions"}],"predecessor-version":[{"id":11039,"href":"https:\/\/agora.xtec.cat\/esc-teresabergada\/wp-json\/wp\/v2\/posts\/11020\/revisions\/11039"}],"wp:featuredmedia":[{"embeddable":true,"href":"https:\/\/agora.xtec.cat\/esc-teresabergada\/wp-json\/wp\/v2\/media\/11021"}],"wp:attachment":[{"href":"https:\/\/agora.xtec.cat\/esc-teresabergada\/wp-json\/wp\/v2\/media?parent=11020"}],"wp:term":[{"taxonomy":"category","embeddable":true,"href":"https:\/\/agora.xtec.cat\/esc-teresabergada\/wp-json\/wp\/v2\/categories?post=11020"},{"taxonomy":"post_tag","embeddable":true,"href":"https:\/\/agora.xtec.cat\/esc-teresabergada\/wp-json\/wp\/v2\/tags?post=11020"}],"curies":[{"name":"wp","href":"https:\/\/api.w.org\/{rel}","templated":true}]}}