{"id":10988,"date":"2022-10-03T13:24:16","date_gmt":"2022-10-03T11:24:16","guid":{"rendered":"https:\/\/agora.xtec.cat\/esc-teresabergada\/?p=10988"},"modified":"2022-10-03T13:25:57","modified_gmt":"2022-10-03T11:25:57","slug":"nou-curs-2","status":"publish","type":"post","link":"https:\/\/agora.xtec.cat\/esc-teresabergada\/blocs-de-primaria\/3r\/nou-curs-2\/","title":{"rendered":"NOU CURS"},"content":{"rendered":"<p>Una de les feines que ens assenyala que hem comen\u00e7at un nou curs,\u00e9s la reuni\u00f3 de mares i pares.<\/p>\n<p>El passat dimecres 28 de setembre vam donar informacions, pautes, consells perqu\u00e8 els vostres filles i fills facin un bon curs. Sens dubte els qui hi vau assistir sereu una de les peces del puzzle educatiu i perqu\u00e8 aix\u00ed sigui RECORDEU<strong> que treballar en equip divideix la feina i multiplica els resultats.<\/strong><\/p>\n<p>Molt bon curs 22-23<a href=\"https:\/\/docs.google.com\/presentation\/d\/1dLUkf5jw6Qiar4zvXlu-k_z_m58D0SliVFPdOF-uLio\/edit?usp=sharing\"><img loading=\"lazy\" decoding=\"async\" class=\"aligncenter wp-image-10989\" src=\"https:\/\/agora.xtec.cat\/esc-teresabergada\/wp-content\/uploads\/usu1533\/2022\/10\/Screenshot_20221003_130908-1024x777.jpg\" alt=\"\" width=\"611\" height=\"464\" srcset=\"https:\/\/agora.xtec.cat\/esc-teresabergada\/wp-content\/uploads\/usu1533\/2022\/10\/Screenshot_20221003_130908-1024x777.jpg 1024w, https:\/\/agora.xtec.cat\/esc-teresabergada\/wp-content\/uploads\/usu1533\/2022\/10\/Screenshot_20221003_130908-300x228.jpg 300w, https:\/\/agora.xtec.cat\/esc-teresabergada\/wp-content\/uploads\/usu1533\/2022\/10\/Screenshot_20221003_130908-768x583.jpg 768w, https:\/\/agora.xtec.cat\/esc-teresabergada\/wp-content\/uploads\/usu1533\/2022\/10\/Screenshot_20221003_130908.jpg 1080w\" sizes=\"auto, (max-width: 611px) 100vw, 611px\" \/><\/a><\/p>\n","protected":false},"excerpt":{"rendered":"<p>Una de les feines que ens assenyala que hem comen\u00e7at un nou curs,\u00e9s la reuni\u00f3 de mares i pares.<br \/>\nEl passat dimecres 28 de setembre vam donar informacions, pautes, consells perqu\u00e8 els vostres filles i fills facin un bon curs. Sens dubte els qui hi vau&hellip;  <a href=\"https:\/\/agora.xtec.cat\/esc-teresabergada\/blocs-de-primaria\/3r\/nou-curs-2\/\" title=\"Read NOU CURS\">Llegeix m\u00e9s\u00bb<\/a><\/p>\n","protected":false},"author":24,"featured_media":10991,"comment_status":"open","ping_status":"closed","sticky":false,"template":"","format":"standard","meta":{"_bbp_topic_count":0,"_bbp_reply_count":0,"_bbp_total_topic_count":0,"_bbp_total_reply_count":0,"_bbp_voice_count":0,"_bbp_anonymous_reply_count":0,"_bbp_topic_count_hidden":0,"_bbp_reply_count_hidden":0,"_bbp_forum_subforum_count":0,"footnotes":""},"categories":[238],"tags":[],"class_list":["post-10988","post","type-post","status-publish","format-standard","has-post-thumbnail","hentry","category-3r"],"post_mailing_queue_ids":[],"_links":{"self":[{"href":"https:\/\/agora.xtec.cat\/esc-teresabergada\/wp-json\/wp\/v2\/posts\/10988","targetHints":{"allow":["GET"]}}],"collection":[{"href":"https:\/\/agora.xtec.cat\/esc-teresabergada\/wp-json\/wp\/v2\/posts"}],"about":[{"href":"https:\/\/agora.xtec.cat\/esc-teresabergada\/wp-json\/wp\/v2\/types\/post"}],"author":[{"embeddable":true,"href":"https:\/\/agora.xtec.cat\/esc-teresabergada\/wp-json\/wp\/v2\/users\/24"}],"replies":[{"embeddable":true,"href":"https:\/\/agora.xtec.cat\/esc-teresabergada\/wp-json\/wp\/v2\/comments?post=10988"}],"version-history":[{"count":1,"href":"https:\/\/agora.xtec.cat\/esc-teresabergada\/wp-json\/wp\/v2\/posts\/10988\/revisions"}],"predecessor-version":[{"id":10994,"href":"https:\/\/agora.xtec.cat\/esc-teresabergada\/wp-json\/wp\/v2\/posts\/10988\/revisions\/10994"}],"wp:featuredmedia":[{"embeddable":true,"href":"https:\/\/agora.xtec.cat\/esc-teresabergada\/wp-json\/wp\/v2\/media\/10991"}],"wp:attachment":[{"href":"https:\/\/agora.xtec.cat\/esc-teresabergada\/wp-json\/wp\/v2\/media?parent=10988"}],"wp:term":[{"taxonomy":"category","embeddable":true,"href":"https:\/\/agora.xtec.cat\/esc-teresabergada\/wp-json\/wp\/v2\/categories?post=10988"},{"taxonomy":"post_tag","embeddable":true,"href":"https:\/\/agora.xtec.cat\/esc-teresabergada\/wp-json\/wp\/v2\/tags?post=10988"}],"curies":[{"name":"wp","href":"https:\/\/api.w.org\/{rel}","templated":true}]}}