{"id":10978,"date":"2022-09-30T18:13:30","date_gmt":"2022-09-30T16:13:30","guid":{"rendered":"https:\/\/agora.xtec.cat\/esc-teresabergada\/?p=10978"},"modified":"2022-09-30T18:17:07","modified_gmt":"2022-09-30T16:17:07","slug":"reptils-a-les-classes-de-cicle-superior","status":"publish","type":"post","link":"https:\/\/agora.xtec.cat\/esc-teresabergada\/general\/reptils-a-les-classes-de-cicle-superior\/","title":{"rendered":"R\u00c8PTILS A LES CLASSES DE CICLE SUPERIOR"},"content":{"rendered":"<p style=\"text-align: justify\">El dijous 29 de setembre hem rebut la visita del Josep Maria, un expert en animals vertebrats, concretament els que pertanyen al grup dels r\u00e8ptils. L\u2019alumnat ha pogut veure i tocar diferents bestioles com una <span style=\"color: #808000\"><b>TORTUGA<\/b><\/span>\u00a0caiman dels Estats Units, un <strong><span style=\"color: #339966\">LLANGARDAIX<\/span><\/strong> enorme per\u00f2 inofensiu, una <span style=\"color: #44bdb5\"><strong>GRANOTA<\/strong><\/span> verinosa que tenia uns colors ben llampants, per cert, aquest \u00e9s amfibi; un <strong><span style=\"color: #33cccc\">CAMALE\u00d3<\/span><\/strong> amb la visi\u00f3 redu\u00efda, una <span style=\"color: #cf5959\"><strong>SERP<\/strong>\u00a0<\/span>que imitava a la corall i fins i tot una <span style=\"color: #ffcc00\"><strong>BOA<\/strong><\/span> constrictora que feia molt respecte perqu\u00e8 era enorme i pesava molt\u00edssim.<\/p>\n<p style=\"text-align: justify\">El Josep Maria ens ha explicat moltes curiositats dels r\u00e8ptils que portava i ens ha fet reflexionar que aquest tipus d\u2019animals <b>MAI<\/b> <span style=\"text-decoration: underline\">els haur\u00edem de tenir com a<\/span> <strong>MASCOTES<\/strong> perqu\u00e8 creixen i viuen molts anys&#8230;conv\u00e9 informar-se b\u00e9 abans de comprar-los.<\/p>\n<p style=\"text-align: justify\">Ha estat s\u00faper interessant!!! Aqu\u00ed us deixem un petit v\u00eddeo dels animals que vam poder veure i tocar.<\/p>\n<p><a href=\"https:\/\/www.canva.com\/design\/DAFNtv7Mswc\/watch\"><img loading=\"lazy\" decoding=\"async\" class=\"aligncenter wp-image-10980\" src=\"https:\/\/agora.xtec.cat\/esc-teresabergada\/wp-content\/uploads\/usu1533\/2022\/09\/1-300x169.png\" alt=\"\" width=\"400\" height=\"225\" srcset=\"https:\/\/agora.xtec.cat\/esc-teresabergada\/wp-content\/uploads\/usu1533\/2022\/09\/1-300x169.png 300w, https:\/\/agora.xtec.cat\/esc-teresabergada\/wp-content\/uploads\/usu1533\/2022\/09\/1-1024x576.png 1024w, https:\/\/agora.xtec.cat\/esc-teresabergada\/wp-content\/uploads\/usu1533\/2022\/09\/1-768x432.png 768w, https:\/\/agora.xtec.cat\/esc-teresabergada\/wp-content\/uploads\/usu1533\/2022\/09\/1-1536x864.png 1536w, https:\/\/agora.xtec.cat\/esc-teresabergada\/wp-content\/uploads\/usu1533\/2022\/09\/1.png 1920w\" sizes=\"auto, (max-width: 400px) 100vw, 400px\" \/><\/a><\/p>\n","protected":false},"excerpt":{"rendered":"<p>El dijous 29 de setembre hem rebut la visita del Josep Maria, un expert en animals vertebrats, concretament els que pertanyen al grup dels r\u00e8ptils. L\u2019alumnat ha pogut veure i tocar diferents bestioles com una TORTUGA\u00a0caiman dels Estats Units, un LLANGARDAIX enorme per\u00f2 inofensiu, una&hellip;  <a href=\"https:\/\/agora.xtec.cat\/esc-teresabergada\/general\/reptils-a-les-classes-de-cicle-superior\/\" title=\"Read R\u00c8PTILS A LES CLASSES DE CICLE SUPERIOR\">Llegeix m\u00e9s\u00bb<\/a><\/p>\n","protected":false},"author":32,"featured_media":10980,"comment_status":"open","ping_status":"closed","sticky":false,"template":"","format":"standard","meta":{"_bbp_topic_count":0,"_bbp_reply_count":0,"_bbp_total_topic_count":0,"_bbp_total_reply_count":0,"_bbp_voice_count":0,"_bbp_anonymous_reply_count":0,"_bbp_topic_count_hidden":0,"_bbp_reply_count_hidden":0,"_bbp_forum_subforum_count":0,"footnotes":""},"categories":[349,240,1],"tags":[554],"class_list":["post-10978","post","type-post","status-publish","format-standard","has-post-thumbnail","hentry","category-5e","category-6e","category-general","tag-projecte-dels-5-regnes"],"post_mailing_queue_ids":[],"_links":{"self":[{"href":"https:\/\/agora.xtec.cat\/esc-teresabergada\/wp-json\/wp\/v2\/posts\/10978","targetHints":{"allow":["GET"]}}],"collection":[{"href":"https:\/\/agora.xtec.cat\/esc-teresabergada\/wp-json\/wp\/v2\/posts"}],"about":[{"href":"https:\/\/agora.xtec.cat\/esc-teresabergada\/wp-json\/wp\/v2\/types\/post"}],"author":[{"embeddable":true,"href":"https:\/\/agora.xtec.cat\/esc-teresabergada\/wp-json\/wp\/v2\/users\/32"}],"replies":[{"embeddable":true,"href":"https:\/\/agora.xtec.cat\/esc-teresabergada\/wp-json\/wp\/v2\/comments?post=10978"}],"version-history":[{"count":3,"href":"https:\/\/agora.xtec.cat\/esc-teresabergada\/wp-json\/wp\/v2\/posts\/10978\/revisions"}],"predecessor-version":[{"id":10986,"href":"https:\/\/agora.xtec.cat\/esc-teresabergada\/wp-json\/wp\/v2\/posts\/10978\/revisions\/10986"}],"wp:featuredmedia":[{"embeddable":true,"href":"https:\/\/agora.xtec.cat\/esc-teresabergada\/wp-json\/wp\/v2\/media\/10980"}],"wp:attachment":[{"href":"https:\/\/agora.xtec.cat\/esc-teresabergada\/wp-json\/wp\/v2\/media?parent=10978"}],"wp:term":[{"taxonomy":"category","embeddable":true,"href":"https:\/\/agora.xtec.cat\/esc-teresabergada\/wp-json\/wp\/v2\/categories?post=10978"},{"taxonomy":"post_tag","embeddable":true,"href":"https:\/\/agora.xtec.cat\/esc-teresabergada\/wp-json\/wp\/v2\/tags?post=10978"}],"curies":[{"name":"wp","href":"https:\/\/api.w.org\/{rel}","templated":true}]}}