{"id":10866,"date":"2022-06-23T17:59:38","date_gmt":"2022-06-23T15:59:38","guid":{"rendered":"https:\/\/agora.xtec.cat\/esc-teresabergada\/?p=10866"},"modified":"2022-08-15T15:52:30","modified_gmt":"2022-08-15T13:52:30","slug":"f-i-n-s-%c2%b7-s-e-m-p-r-e","status":"publish","type":"post","link":"https:\/\/agora.xtec.cat\/esc-teresabergada\/portada\/f-i-n-s-%c2%b7-s-e-m-p-r-e\/","title":{"rendered":"F I N S \u00b7 S E M P R E !"},"content":{"rendered":"<h5>Ahir, de manera oficial, l&#8217;alumnat de 6\u00e8 va tancar tota una etapa a l&#8217;escola Teresa Bergad\u00e0. Despr\u00e9s d&#8217;un llarg recorregut de 9 anys posaven punt final a tota una traject\u00f2ria d&#8217;aprenentatges, de viv\u00e8ncies i de creixement personal. Envoltats de familiars, companys\/es i mestres, van gaudir d&#8217;un acte emotiu, amb sorpreses i ple de records.<\/h5>\n<p><img loading=\"lazy\" decoding=\"async\" class=\"alignnone wp-image-10869 size-large\" src=\"https:\/\/agora.xtec.cat\/esc-teresabergada\/wp-content\/uploads\/usu1533\/2022\/06\/Captura-de-pantalla-2022-06-23-a-las-17.56.39-1024x540.png\" alt=\"\" width=\"1024\" height=\"540\" srcset=\"https:\/\/agora.xtec.cat\/esc-teresabergada\/wp-content\/uploads\/usu1533\/2022\/06\/Captura-de-pantalla-2022-06-23-a-las-17.56.39-1024x540.png 1024w, https:\/\/agora.xtec.cat\/esc-teresabergada\/wp-content\/uploads\/usu1533\/2022\/06\/Captura-de-pantalla-2022-06-23-a-las-17.56.39-300x158.png 300w, https:\/\/agora.xtec.cat\/esc-teresabergada\/wp-content\/uploads\/usu1533\/2022\/06\/Captura-de-pantalla-2022-06-23-a-las-17.56.39-768x405.png 768w, https:\/\/agora.xtec.cat\/esc-teresabergada\/wp-content\/uploads\/usu1533\/2022\/06\/Captura-de-pantalla-2022-06-23-a-las-17.56.39.png 1208w\" sizes=\"auto, (max-width: 1024px) 100vw, 1024px\" \/><\/p>\n<h5><em>Els canvis s\u00f3n reptes que obren la porta a noves oportunitats. Tots teniu alguna cosa dins que us fa \u00fanics i especials! Si creieu en vosaltres mateixos podreu aconseguir tot all\u00f2 que us proposeu. A per la nova etapa de la vostra vida! Aprofiteu-la b\u00e9 i gaudiu-la al m\u00e0xim!<\/em><\/h5>\n<h5><em>Les portes de l&#8217;escola, la VOSTRA escola, estaran sempre obertes per a vosaltres.\u00a0<\/em><\/h5>\n<p>&nbsp;<\/p>\n<h4><strong>FINS SEMPRE! \u2764<\/strong><\/h4>\n<p>Sara i M\u00edriam<\/p>\n<p>&nbsp;<\/p>\n","protected":false},"excerpt":{"rendered":"<p>Ahir, de manera oficial, l&#8217;alumnat de 6\u00e8 va tancar tota una etapa a l&#8217;escola Teresa Bergad\u00e0. Despr\u00e9s d&#8217;un llarg recorregut de 9 anys posaven punt final a tota una traject\u00f2ria d&#8217;aprenentatges, de viv\u00e8ncies i de creixement personal. Envoltats de familiars, companys\/es i mestres, van gaudir&hellip;  <a href=\"https:\/\/agora.xtec.cat\/esc-teresabergada\/portada\/f-i-n-s-%c2%b7-s-e-m-p-r-e\/\" title=\"Read F I N S \u00b7 S E M P R E !\">Llegeix m\u00e9s\u00bb<\/a><\/p>\n","protected":false},"author":28,"featured_media":10868,"comment_status":"open","ping_status":"closed","sticky":false,"template":"","format":"standard","meta":{"_bbp_topic_count":0,"_bbp_reply_count":0,"_bbp_total_topic_count":0,"_bbp_total_reply_count":0,"_bbp_voice_count":0,"_bbp_anonymous_reply_count":0,"_bbp_topic_count_hidden":0,"_bbp_reply_count_hidden":0,"_bbp_forum_subforum_count":0,"footnotes":""},"categories":[240,4],"tags":[],"class_list":["post-10866","post","type-post","status-publish","format-standard","has-post-thumbnail","hentry","category-6e","category-portada"],"post_mailing_queue_ids":[],"_links":{"self":[{"href":"https:\/\/agora.xtec.cat\/esc-teresabergada\/wp-json\/wp\/v2\/posts\/10866","targetHints":{"allow":["GET"]}}],"collection":[{"href":"https:\/\/agora.xtec.cat\/esc-teresabergada\/wp-json\/wp\/v2\/posts"}],"about":[{"href":"https:\/\/agora.xtec.cat\/esc-teresabergada\/wp-json\/wp\/v2\/types\/post"}],"author":[{"embeddable":true,"href":"https:\/\/agora.xtec.cat\/esc-teresabergada\/wp-json\/wp\/v2\/users\/28"}],"replies":[{"embeddable":true,"href":"https:\/\/agora.xtec.cat\/esc-teresabergada\/wp-json\/wp\/v2\/comments?post=10866"}],"version-history":[{"count":3,"href":"https:\/\/agora.xtec.cat\/esc-teresabergada\/wp-json\/wp\/v2\/posts\/10866\/revisions"}],"predecessor-version":[{"id":10900,"href":"https:\/\/agora.xtec.cat\/esc-teresabergada\/wp-json\/wp\/v2\/posts\/10866\/revisions\/10900"}],"wp:featuredmedia":[{"embeddable":true,"href":"https:\/\/agora.xtec.cat\/esc-teresabergada\/wp-json\/wp\/v2\/media\/10868"}],"wp:attachment":[{"href":"https:\/\/agora.xtec.cat\/esc-teresabergada\/wp-json\/wp\/v2\/media?parent=10866"}],"wp:term":[{"taxonomy":"category","embeddable":true,"href":"https:\/\/agora.xtec.cat\/esc-teresabergada\/wp-json\/wp\/v2\/categories?post=10866"},{"taxonomy":"post_tag","embeddable":true,"href":"https:\/\/agora.xtec.cat\/esc-teresabergada\/wp-json\/wp\/v2\/tags?post=10866"}],"curies":[{"name":"wp","href":"https:\/\/api.w.org\/{rel}","templated":true}]}}