{"id":10856,"date":"2022-06-20T13:25:25","date_gmt":"2022-06-20T11:25:25","guid":{"rendered":"https:\/\/agora.xtec.cat\/esc-teresabergada\/?p=10856"},"modified":"2022-06-20T13:27:23","modified_gmt":"2022-06-20T11:27:23","slug":"projecte-de-la-terra-2","status":"publish","type":"post","link":"https:\/\/agora.xtec.cat\/esc-teresabergada\/blocs-de-primaria\/5e\/projecte-de-la-terra-2\/","title":{"rendered":"PROJECTE DE LA TERRA"},"content":{"rendered":"<p>Benvolgudes fam\u00edlies,<\/p>\n<p style=\"text-align: justify\">Aquest segon i tercer trimestre hem estat treballant el projecte de la terra, tot va comen\u00e7ar al camp d&#8217;aprenentatge de la Garrotxa, all\u00ed vam descobrir molt sobre els volcans. En tornar vam engegar el projecte, en el qual hem\u00a0<span class=\"hiddenGreenError\" style=\"padding-bottom: 2px;background-image: url('..\/..\/..\/..\/..\/images\/squiggle_green.png');background-position: left bottom;cursor: default;color: #000000;font-family: 'Open Sans', Helvetica, Arial, sans-serif;font-size: 16px;font-style: normal;font-weight: 300;letter-spacing: normal;text-align: start;text-indent: 0px;text-transform: none\">treballat<\/span>\u00a0aspectes diferents de la Terra, tant de geologia com geografia.<\/p>\n<p style=\"text-align: justify\">Hem\u00a0<span class=\"hiddenGreenError\" style=\"padding-bottom: 2px;background-image: url('..\/..\/..\/..\/..\/images\/squiggle_green.png');background-position: left bottom;cursor: default;color: #000000;font-family: 'Open Sans', Helvetica, Arial, sans-serif;font-size: 16px;font-style: normal;font-weight: 300;letter-spacing: normal;text-align: start;text-indent: 0px;text-transform: none\">treballat<\/span>\u00a0molt durant aquest temps i hem apr\u00e8s moltes coses sobre la Terra. Ho hem fet mitjan\u00e7ant la cerca d&#8217;informaci\u00f3, amb v\u00eddeos informatius, fent experiments, compartint aprenentatges, utilitzant els ordinadors,\u00a0<span class=\"hiddenGreenError\" style=\"padding-bottom: 2px;background-image: url('..\/..\/..\/..\/..\/images\/squiggle_green.png');background-position: left bottom;cursor: default;color: #000000;font-family: 'Open Sans', Helvetica, Arial, sans-serif;font-size: 16px;font-style: normal;font-weight: 300;letter-spacing: normal;text-align: start;text-indent: 0px;text-transform: none\">treballant<\/span>\u00a0en equip&#8230;<\/p>\n<p style=\"text-align: justify\">Per fer visible el nostre aprenentatge hem realitzat aquest v\u00eddeo.<\/p>\n<p style=\"text-align: justify\">Esperem que us agradi!<\/p>\n<p style=\"text-align: right\"><a href=\"https:\/\/www.canva.com\/design\/DAFDHrr3724\/oBAWji3IJQ65cnFqd0IEdw\/watch?utm_content=DAFDHrr3724&amp;utm_campaign=designshare&amp;utm_medium=link&amp;utm_source=publishsharelink\"><img loading=\"lazy\" decoding=\"async\" class=\"alignnone wp-image-10857 size-large\" src=\"https:\/\/agora.xtec.cat\/esc-teresabergada\/wp-content\/uploads\/usu1533\/2022\/06\/Screenshot_20220620-131523-e1655723980263-1024x768.jpg\" alt=\"\" width=\"1024\" height=\"768\" srcset=\"https:\/\/agora.xtec.cat\/esc-teresabergada\/wp-content\/uploads\/usu1533\/2022\/06\/Screenshot_20220620-131523-e1655723980263-1024x768.jpg 1024w, https:\/\/agora.xtec.cat\/esc-teresabergada\/wp-content\/uploads\/usu1533\/2022\/06\/Screenshot_20220620-131523-e1655723980263-300x225.jpg 300w, https:\/\/agora.xtec.cat\/esc-teresabergada\/wp-content\/uploads\/usu1533\/2022\/06\/Screenshot_20220620-131523-e1655723980263-768x576.jpg 768w, https:\/\/agora.xtec.cat\/esc-teresabergada\/wp-content\/uploads\/usu1533\/2022\/06\/Screenshot_20220620-131523-e1655723980263-200x150.jpg 200w, https:\/\/agora.xtec.cat\/esc-teresabergada\/wp-content\/uploads\/usu1533\/2022\/06\/Screenshot_20220620-131523-e1655723980263.jpg 1080w\" sizes=\"auto, (max-width: 1024px) 100vw, 1024px\" \/><\/a><br \/>\nAlumnes de\u00a0<span class=\"hiddenSpellError\">5\u00e8A.<\/span><\/p>\n<p>&nbsp;<\/p>\n","protected":false},"excerpt":{"rendered":"<p>Benvolgudes fam\u00edlies,<br \/>\nAquest segon i tercer trimestre hem estat treballant el projecte de la terra, tot va comen\u00e7ar al camp d&#8217;aprenentatge de la Garrotxa, all\u00ed vam descobrir molt sobre els volcans. En tornar vam engegar el projecte, en el qual hem\u00a0treballat\u00a0aspectes diferents de la Terra, tant&hellip;  <a href=\"https:\/\/agora.xtec.cat\/esc-teresabergada\/blocs-de-primaria\/5e\/projecte-de-la-terra-2\/\" title=\"Read PROJECTE DE LA TERRA\">Llegeix m\u00e9s\u00bb<\/a><\/p>\n","protected":false},"author":1,"featured_media":0,"comment_status":"open","ping_status":"closed","sticky":false,"template":"","format":"standard","meta":{"_bbp_topic_count":0,"_bbp_reply_count":0,"_bbp_total_topic_count":0,"_bbp_total_reply_count":0,"_bbp_voice_count":0,"_bbp_anonymous_reply_count":0,"_bbp_topic_count_hidden":0,"_bbp_reply_count_hidden":0,"_bbp_forum_subforum_count":0,"footnotes":""},"categories":[349],"tags":[],"class_list":["post-10856","post","type-post","status-publish","format-standard","hentry","category-5e"],"post_mailing_queue_ids":[],"_links":{"self":[{"href":"https:\/\/agora.xtec.cat\/esc-teresabergada\/wp-json\/wp\/v2\/posts\/10856","targetHints":{"allow":["GET"]}}],"collection":[{"href":"https:\/\/agora.xtec.cat\/esc-teresabergada\/wp-json\/wp\/v2\/posts"}],"about":[{"href":"https:\/\/agora.xtec.cat\/esc-teresabergada\/wp-json\/wp\/v2\/types\/post"}],"author":[{"embeddable":true,"href":"https:\/\/agora.xtec.cat\/esc-teresabergada\/wp-json\/wp\/v2\/users\/1"}],"replies":[{"embeddable":true,"href":"https:\/\/agora.xtec.cat\/esc-teresabergada\/wp-json\/wp\/v2\/comments?post=10856"}],"version-history":[{"count":3,"href":"https:\/\/agora.xtec.cat\/esc-teresabergada\/wp-json\/wp\/v2\/posts\/10856\/revisions"}],"predecessor-version":[{"id":10861,"href":"https:\/\/agora.xtec.cat\/esc-teresabergada\/wp-json\/wp\/v2\/posts\/10856\/revisions\/10861"}],"wp:attachment":[{"href":"https:\/\/agora.xtec.cat\/esc-teresabergada\/wp-json\/wp\/v2\/media?parent=10856"}],"wp:term":[{"taxonomy":"category","embeddable":true,"href":"https:\/\/agora.xtec.cat\/esc-teresabergada\/wp-json\/wp\/v2\/categories?post=10856"},{"taxonomy":"post_tag","embeddable":true,"href":"https:\/\/agora.xtec.cat\/esc-teresabergada\/wp-json\/wp\/v2\/tags?post=10856"}],"curies":[{"name":"wp","href":"https:\/\/api.w.org\/{rel}","templated":true}]}}