{"id":10840,"date":"2022-06-17T20:54:42","date_gmt":"2022-06-17T18:54:42","guid":{"rendered":"https:\/\/agora.xtec.cat\/esc-teresabergada\/?p=10840"},"modified":"2022-07-11T10:30:20","modified_gmt":"2022-07-11T08:30:20","slug":"projecte-de-la-prehistoria-a-ledat-mitjana","status":"publish","type":"post","link":"https:\/\/agora.xtec.cat\/esc-teresabergada\/general\/projecte-de-la-prehistoria-a-ledat-mitjana\/","title":{"rendered":"Projecte De la Prehist\u00f2ria a l&#8217;Edat Mitjana"},"content":{"rendered":"<p>Avui ha estat un dia emocionant. Ja acabem el curs i, a m\u00e9s, hem pogut donar per finalitzat, ara ja s\u00ed, el nostre segon projecte: De la Prehist\u00f2ria a l&#8217;Edat Mitjana.<\/p>\n<p>Hav\u00edem preparat una exposici\u00f3 durant aquests mesos que ha anat creixent en forma d&#8217;eix cronol\u00f2gic en el passad\u00eds del cicle.<\/p>\n<p>Amb tota la feina feta, ens venia de gust mostrar-lo a les fam\u00edlies, i avui ha sigut el dia. Estem molt feli\u00e7os d&#8217;haver pogut obrir portes de nou, d&#8217;haver-vos pogut veure en persona i no darrere una pantalla, i d&#8217;haver vist vida al nostre passad\u00eds.<\/p>\n<p>Esperem que us hagi agradat molt, tant com a nosaltres fer-vos de guia.<\/p>\n<p>Gr\u00e0cies per haver vingut.<\/p>\n<p>Us deixem com ha sigut el passeig per la hist\u00f2ria que hem preparat amb tanta il\u00b7lusi\u00f3, en clicar a la seg\u00fcent imatge.<\/p>\n<p><a href=\"https:\/\/drive.google.com\/file\/d\/1kexAFB9SkaSxpZJUxmaPkwUrEpFHnblP\/view?usp=drivesdk\"><img loading=\"lazy\" decoding=\"async\" class=\"aligncenter wp-image-10841 size-medium\" src=\"https:\/\/agora.xtec.cat\/esc-teresabergada\/wp-content\/uploads\/usu1533\/2022\/06\/VideoCapture_20220617-203309-300x169.jpg\" alt=\"Un passeig per la hist\u00f2ria... (i la Prehist\u00f2ria)\" width=\"300\" height=\"169\" srcset=\"https:\/\/agora.xtec.cat\/esc-teresabergada\/wp-content\/uploads\/usu1533\/2022\/06\/VideoCapture_20220617-203309-300x169.jpg 300w, https:\/\/agora.xtec.cat\/esc-teresabergada\/wp-content\/uploads\/usu1533\/2022\/06\/VideoCapture_20220617-203309.jpg 768w\" sizes=\"auto, (max-width: 300px) 100vw, 300px\" \/><\/a><\/p>\n","protected":false},"excerpt":{"rendered":"<p>Avui ha estat un dia emocionant. Ja acabem el curs i, a m\u00e9s, hem pogut donar per finalitzat, ara ja s\u00ed, el nostre segon projecte: De la Prehist\u00f2ria a l&#8217;Edat Mitjana.<br \/>\nHav\u00edem preparat una exposici\u00f3 durant aquests mesos que ha anat creixent en forma d&#8217;eix cronol\u00f2gic&hellip;  <a href=\"https:\/\/agora.xtec.cat\/esc-teresabergada\/general\/projecte-de-la-prehistoria-a-ledat-mitjana\/\" title=\"Read Projecte De la Prehist\u00f2ria a l&#8217;Edat Mitjana\">Llegeix m\u00e9s\u00bb<\/a><\/p>\n","protected":false},"author":37,"featured_media":10841,"comment_status":"open","ping_status":"closed","sticky":false,"template":"","format":"standard","meta":{"_bbp_topic_count":0,"_bbp_reply_count":0,"_bbp_total_topic_count":0,"_bbp_total_reply_count":0,"_bbp_voice_count":0,"_bbp_anonymous_reply_count":0,"_bbp_topic_count_hidden":0,"_bbp_reply_count_hidden":0,"_bbp_forum_subforum_count":0,"footnotes":""},"categories":[238,250,1],"tags":[620,559],"class_list":["post-10840","post","type-post","status-publish","format-standard","has-post-thumbnail","hentry","category-3r","category-4t","category-general","tag-delaprehistoriaaledatmitjana","tag-projecte-historia"],"post_mailing_queue_ids":[],"_links":{"self":[{"href":"https:\/\/agora.xtec.cat\/esc-teresabergada\/wp-json\/wp\/v2\/posts\/10840","targetHints":{"allow":["GET"]}}],"collection":[{"href":"https:\/\/agora.xtec.cat\/esc-teresabergada\/wp-json\/wp\/v2\/posts"}],"about":[{"href":"https:\/\/agora.xtec.cat\/esc-teresabergada\/wp-json\/wp\/v2\/types\/post"}],"author":[{"embeddable":true,"href":"https:\/\/agora.xtec.cat\/esc-teresabergada\/wp-json\/wp\/v2\/users\/37"}],"replies":[{"embeddable":true,"href":"https:\/\/agora.xtec.cat\/esc-teresabergada\/wp-json\/wp\/v2\/comments?post=10840"}],"version-history":[{"count":2,"href":"https:\/\/agora.xtec.cat\/esc-teresabergada\/wp-json\/wp\/v2\/posts\/10840\/revisions"}],"predecessor-version":[{"id":10872,"href":"https:\/\/agora.xtec.cat\/esc-teresabergada\/wp-json\/wp\/v2\/posts\/10840\/revisions\/10872"}],"wp:featuredmedia":[{"embeddable":true,"href":"https:\/\/agora.xtec.cat\/esc-teresabergada\/wp-json\/wp\/v2\/media\/10841"}],"wp:attachment":[{"href":"https:\/\/agora.xtec.cat\/esc-teresabergada\/wp-json\/wp\/v2\/media?parent=10840"}],"wp:term":[{"taxonomy":"category","embeddable":true,"href":"https:\/\/agora.xtec.cat\/esc-teresabergada\/wp-json\/wp\/v2\/categories?post=10840"},{"taxonomy":"post_tag","embeddable":true,"href":"https:\/\/agora.xtec.cat\/esc-teresabergada\/wp-json\/wp\/v2\/tags?post=10840"}],"curies":[{"name":"wp","href":"https:\/\/api.w.org\/{rel}","templated":true}]}}