{"id":10829,"date":"2022-06-20T13:57:58","date_gmt":"2022-06-20T11:57:58","guid":{"rendered":"https:\/\/agora.xtec.cat\/esc-teresabergada\/?p=10829"},"modified":"2022-06-20T14:03:28","modified_gmt":"2022-06-20T12:03:28","slug":"contes-familia","status":"publish","type":"post","link":"https:\/\/agora.xtec.cat\/esc-teresabergada\/general\/contes-familia\/","title":{"rendered":"Contes fam\u00edlia"},"content":{"rendered":"<p style=\"text-align: center\">Com a cloenda del projecte de la Fam\u00edlia, els nens han creat dos contes de dos tipus de fam\u00edlies diferents que han existit al llarg de la hist\u00f2ria.<\/p>\n<p style=\"text-align: center\">Desitgem que us agradin molt!<\/p>\n<p style=\"text-align: center\">Bones vacances.<\/p>\n<p style=\"text-align: center\"><a href=\"https:\/\/www.canva.com\/design\/DAFDfq24d2A\/wCSGuvQkuh2vKVP2k0i2gw\/watch?utm_content=DAFDfq24d2A&amp;utm_campaign=designshare&amp;utm_medium=link&amp;utm_source=publishsharelink\"><img loading=\"lazy\" decoding=\"async\" class=\"alignnone size-large wp-image-10831\" src=\"https:\/\/agora.xtec.cat\/esc-teresabergada\/wp-content\/uploads\/usu1533\/2022\/06\/foto-conte-cova-1024x460.jpg\" alt=\"\" width=\"1024\" height=\"460\" srcset=\"https:\/\/agora.xtec.cat\/esc-teresabergada\/wp-content\/uploads\/usu1533\/2022\/06\/foto-conte-cova-1024x460.jpg 1024w, https:\/\/agora.xtec.cat\/esc-teresabergada\/wp-content\/uploads\/usu1533\/2022\/06\/foto-conte-cova-300x135.jpg 300w, https:\/\/agora.xtec.cat\/esc-teresabergada\/wp-content\/uploads\/usu1533\/2022\/06\/foto-conte-cova-768x345.jpg 768w, https:\/\/agora.xtec.cat\/esc-teresabergada\/wp-content\/uploads\/usu1533\/2022\/06\/foto-conte-cova-1536x691.jpg 1536w, https:\/\/agora.xtec.cat\/esc-teresabergada\/wp-content\/uploads\/usu1533\/2022\/06\/foto-conte-cova-2048x921.jpg 2048w\" sizes=\"auto, (max-width: 1024px) 100vw, 1024px\" \/><\/a><\/p>\n<p>&nbsp;<\/p>\n<p><a href=\"https:\/\/www.canva.com\/design\/DAFDf9kaJ24\/8tpH8Ncw3_SZTk5oEAsfXA\/watch?utm_content=DAFDf9kaJ24&amp;utm_campaign=designshare&amp;utm_medium=link&amp;utm_source=publishsharelink\"><img loading=\"lazy\" decoding=\"async\" class=\"alignnone size-large wp-image-10833\" src=\"https:\/\/agora.xtec.cat\/esc-teresabergada\/wp-content\/uploads\/usu1533\/2022\/06\/foto-conte-nova-familia-1024x461.jpg\" alt=\"\" width=\"1024\" height=\"461\" srcset=\"https:\/\/agora.xtec.cat\/esc-teresabergada\/wp-content\/uploads\/usu1533\/2022\/06\/foto-conte-nova-familia-1024x461.jpg 1024w, https:\/\/agora.xtec.cat\/esc-teresabergada\/wp-content\/uploads\/usu1533\/2022\/06\/foto-conte-nova-familia-300x135.jpg 300w, https:\/\/agora.xtec.cat\/esc-teresabergada\/wp-content\/uploads\/usu1533\/2022\/06\/foto-conte-nova-familia-768x346.jpg 768w, https:\/\/agora.xtec.cat\/esc-teresabergada\/wp-content\/uploads\/usu1533\/2022\/06\/foto-conte-nova-familia-1536x691.jpg 1536w, https:\/\/agora.xtec.cat\/esc-teresabergada\/wp-content\/uploads\/usu1533\/2022\/06\/foto-conte-nova-familia-2048x922.jpg 2048w\" sizes=\"auto, (max-width: 1024px) 100vw, 1024px\" \/><\/a><\/p>\n","protected":false},"excerpt":{"rendered":"<p>Com a cloenda del projecte de la Fam\u00edlia, els nens han creat dos contes de dos tipus de fam\u00edlies diferents que han existit al llarg de la hist\u00f2ria.<br \/>\nDesitgem que us agradin molt!<br \/>\nBones vacances.<br \/>\n<a href=\"https:\/\/www.canva.com\/design\/DAFDfq24d2A\/wCSGuvQkuh2vKVP2k0i2gw\/watch?utm_content=DAFDfq24d2A&amp;utm_campaign=designshare&amp;utm_medium=link&amp;utm_source=publishsharelink\"><\/a><br \/>\n&nbsp;<br \/>\n<a href=\"https:\/\/www.canva.com\/design\/DAFDf9kaJ24\/8tpH8Ncw3_SZTk5oEAsfXA\/watch?utm_content=DAFDf9kaJ24&amp;utm_campaign=designshare&amp;utm_medium=link&amp;utm_source=publishsharelink\"><\/a><\/p>\n","protected":false},"author":47,"featured_media":10831,"comment_status":"open","ping_status":"closed","sticky":false,"template":"","format":"standard","meta":{"_bbp_topic_count":0,"_bbp_reply_count":0,"_bbp_total_topic_count":0,"_bbp_total_reply_count":0,"_bbp_voice_count":0,"_bbp_anonymous_reply_count":0,"_bbp_topic_count_hidden":0,"_bbp_reply_count_hidden":0,"_bbp_forum_subforum_count":0,"footnotes":""},"categories":[348,1],"tags":[],"class_list":["post-10829","post","type-post","status-publish","format-standard","has-post-thumbnail","hentry","category-1r","category-general"],"post_mailing_queue_ids":[],"_links":{"self":[{"href":"https:\/\/agora.xtec.cat\/esc-teresabergada\/wp-json\/wp\/v2\/posts\/10829","targetHints":{"allow":["GET"]}}],"collection":[{"href":"https:\/\/agora.xtec.cat\/esc-teresabergada\/wp-json\/wp\/v2\/posts"}],"about":[{"href":"https:\/\/agora.xtec.cat\/esc-teresabergada\/wp-json\/wp\/v2\/types\/post"}],"author":[{"embeddable":true,"href":"https:\/\/agora.xtec.cat\/esc-teresabergada\/wp-json\/wp\/v2\/users\/47"}],"replies":[{"embeddable":true,"href":"https:\/\/agora.xtec.cat\/esc-teresabergada\/wp-json\/wp\/v2\/comments?post=10829"}],"version-history":[{"count":3,"href":"https:\/\/agora.xtec.cat\/esc-teresabergada\/wp-json\/wp\/v2\/posts\/10829\/revisions"}],"predecessor-version":[{"id":10855,"href":"https:\/\/agora.xtec.cat\/esc-teresabergada\/wp-json\/wp\/v2\/posts\/10829\/revisions\/10855"}],"wp:featuredmedia":[{"embeddable":true,"href":"https:\/\/agora.xtec.cat\/esc-teresabergada\/wp-json\/wp\/v2\/media\/10831"}],"wp:attachment":[{"href":"https:\/\/agora.xtec.cat\/esc-teresabergada\/wp-json\/wp\/v2\/media?parent=10829"}],"wp:term":[{"taxonomy":"category","embeddable":true,"href":"https:\/\/agora.xtec.cat\/esc-teresabergada\/wp-json\/wp\/v2\/categories?post=10829"},{"taxonomy":"post_tag","embeddable":true,"href":"https:\/\/agora.xtec.cat\/esc-teresabergada\/wp-json\/wp\/v2\/tags?post=10829"}],"curies":[{"name":"wp","href":"https:\/\/api.w.org\/{rel}","templated":true}]}}