{"id":10766,"date":"2022-06-09T07:36:39","date_gmt":"2022-06-09T05:36:39","guid":{"rendered":"https:\/\/agora.xtec.cat\/esc-teresabergada\/?p=10766"},"modified":"2022-06-09T07:36:39","modified_gmt":"2022-06-09T05:36:39","slug":"la-linia-de-la-vida-de-laina-2","status":"publish","type":"post","link":"https:\/\/agora.xtec.cat\/esc-teresabergada\/infantil\/i4\/la-linia-de-la-vida-de-laina-2\/","title":{"rendered":"La L\u00ednia de la vida de l&#8217;Aina."},"content":{"rendered":"<p>La L\u00ednia de la vida de l&#8217;Aina, senzilla i molt entenedora. Moments genials i especials com el seu naixement, de ben petita vivint l&#8217;experi\u00e8ncia d&#8217;una banyera d&#8217;hidromassatge, el seu primer aniversari i la seva primera cursa, quan encara no aixecava un pam de terra. Tamb\u00e9 moments \u00fanics com el naixement del Sergi, el seu germ\u00e0, i depr\u00e9s el naixement de la seva cosina Marta. Com a persona important t\u00e9 al seu cos\u00ed Marc amb qui encara ara conparteix molts moments. Per acabar, li encanten les disfresses, sobretot les de Halloween. Gr\u00e0cies per ensenyar-nos aquests moments.<\/p>\n<p><a href=\"https:\/\/drive.google.com\/drive\/folders\/1uDOnMIOu-YiCPs5zQ6fVTVNYtReKctE_?usp=sharing\"><img loading=\"lazy\" decoding=\"async\" class=\"alignnone wp-image-10767\" src=\"https:\/\/agora.xtec.cat\/esc-teresabergada\/wp-content\/uploads\/usu1533\/2022\/06\/aina-gemma-1024x901.jpg\" alt=\"\" width=\"485\" height=\"426\" \/><\/a><\/p>\n","protected":false},"excerpt":{"rendered":"<p>La L\u00ednia de la vida de l&#8217;Aina, senzilla i molt entenedora. Moments genials i especials com el seu naixement, de ben petita vivint l&#8217;experi\u00e8ncia d&#8217;una banyera d&#8217;hidromassatge, el seu primer aniversari i la seva primera cursa, quan encara no aixecava un pam de terra. Tamb\u00e9&hellip;  <a href=\"https:\/\/agora.xtec.cat\/esc-teresabergada\/infantil\/i4\/la-linia-de-la-vida-de-laina-2\/\" title=\"Read La L\u00ednia de la vida de l&#8217;Aina.\">Llegeix m\u00e9s\u00bb<\/a><\/p>\n","protected":false},"author":12,"featured_media":9977,"comment_status":"open","ping_status":"closed","sticky":false,"template":"","format":"standard","meta":{"_bbp_topic_count":0,"_bbp_reply_count":0,"_bbp_total_topic_count":0,"_bbp_total_reply_count":0,"_bbp_voice_count":0,"_bbp_anonymous_reply_count":0,"_bbp_topic_count_hidden":0,"_bbp_reply_count_hidden":0,"_bbp_forum_subforum_count":0,"footnotes":""},"categories":[236],"tags":[121,595],"class_list":["post-10766","post","type-post","status-publish","format-standard","has-post-thumbnail","hentry","category-i4","tag-educacio-infantil","tag-linia-de-la-vida"],"post_mailing_queue_ids":[],"_links":{"self":[{"href":"https:\/\/agora.xtec.cat\/esc-teresabergada\/wp-json\/wp\/v2\/posts\/10766","targetHints":{"allow":["GET"]}}],"collection":[{"href":"https:\/\/agora.xtec.cat\/esc-teresabergada\/wp-json\/wp\/v2\/posts"}],"about":[{"href":"https:\/\/agora.xtec.cat\/esc-teresabergada\/wp-json\/wp\/v2\/types\/post"}],"author":[{"embeddable":true,"href":"https:\/\/agora.xtec.cat\/esc-teresabergada\/wp-json\/wp\/v2\/users\/12"}],"replies":[{"embeddable":true,"href":"https:\/\/agora.xtec.cat\/esc-teresabergada\/wp-json\/wp\/v2\/comments?post=10766"}],"version-history":[{"count":2,"href":"https:\/\/agora.xtec.cat\/esc-teresabergada\/wp-json\/wp\/v2\/posts\/10766\/revisions"}],"predecessor-version":[{"id":10808,"href":"https:\/\/agora.xtec.cat\/esc-teresabergada\/wp-json\/wp\/v2\/posts\/10766\/revisions\/10808"}],"wp:featuredmedia":[{"embeddable":true,"href":"https:\/\/agora.xtec.cat\/esc-teresabergada\/wp-json\/wp\/v2\/media\/9977"}],"wp:attachment":[{"href":"https:\/\/agora.xtec.cat\/esc-teresabergada\/wp-json\/wp\/v2\/media?parent=10766"}],"wp:term":[{"taxonomy":"category","embeddable":true,"href":"https:\/\/agora.xtec.cat\/esc-teresabergada\/wp-json\/wp\/v2\/categories?post=10766"},{"taxonomy":"post_tag","embeddable":true,"href":"https:\/\/agora.xtec.cat\/esc-teresabergada\/wp-json\/wp\/v2\/tags?post=10766"}],"curies":[{"name":"wp","href":"https:\/\/api.w.org\/{rel}","templated":true}]}}