{"id":10757,"date":"2022-06-09T07:38:02","date_gmt":"2022-06-09T05:38:02","guid":{"rendered":"https:\/\/agora.xtec.cat\/esc-teresabergada\/?p=10757"},"modified":"2022-06-09T07:38:02","modified_gmt":"2022-06-09T05:38:02","slug":"la-linia-de-la-vida-de-la-mariona","status":"publish","type":"post","link":"https:\/\/agora.xtec.cat\/esc-teresabergada\/infantil\/i4\/la-linia-de-la-vida-de-la-mariona\/","title":{"rendered":"La L\u00ednia de la vida de la Mariona."},"content":{"rendered":"<p>La Montse i la Mariona ens van explicar les experi\u00e8ncies m\u00e9s importants de la seva L\u00ednia de la vida; una l\u00ednia molt clara i entenedora per tots els nens de la classe.<\/p>\n<p>Es veuen les fotos del naixement, tan esperat pels\u00a0 pares i sobretot pel Jordi. Ja havia arribat la nineta de casa. Els pares i el Jordi, tamb\u00e9 la fam\u00edlia, celebrant els aniversaris. La platja com a activitat preferida per les vacances, tant pel Jordi com per la Mariona. La neu, el Camp del Bar\u00e7a, els animals, tot amanit amb l&#8217;expressi\u00f3 dol\u00e7a i amorosa de la protagonista. Gr\u00e0cies per compartir.<\/p>\n<p><a href=\"https:\/\/drive.google.com\/drive\/folders\/1FElfzr5oYcBO2pykwCQ-xVhL2eKilX_z?usp=sharing\"><img loading=\"lazy\" decoding=\"async\" class=\"alignnone wp-image-10758\" src=\"https:\/\/agora.xtec.cat\/esc-teresabergada\/wp-content\/uploads\/usu1533\/2022\/06\/MARIONA-MONTSE-1024x814.jpg\" alt=\"\" width=\"457\" height=\"363\" \/><\/a><\/p>\n","protected":false},"excerpt":{"rendered":"<p>La Montse i la Mariona ens van explicar les experi\u00e8ncies m\u00e9s importants de la seva L\u00ednia de la vida; una l\u00ednia molt clara i entenedora per tots els nens de la classe.<br \/>\nEs veuen les fotos del naixement, tan esperat pels\u00a0 pares i sobretot pel Jordi.&hellip;  <a href=\"https:\/\/agora.xtec.cat\/esc-teresabergada\/infantil\/i4\/la-linia-de-la-vida-de-la-mariona\/\" title=\"Read La L\u00ednia de la vida de la Mariona.\">Llegeix m\u00e9s\u00bb<\/a><\/p>\n","protected":false},"author":12,"featured_media":9977,"comment_status":"open","ping_status":"closed","sticky":false,"template":"","format":"standard","meta":{"_bbp_topic_count":0,"_bbp_reply_count":0,"_bbp_total_topic_count":0,"_bbp_total_reply_count":0,"_bbp_voice_count":0,"_bbp_anonymous_reply_count":0,"_bbp_topic_count_hidden":0,"_bbp_reply_count_hidden":0,"_bbp_forum_subforum_count":0,"footnotes":""},"categories":[236],"tags":[121,595],"class_list":["post-10757","post","type-post","status-publish","format-standard","has-post-thumbnail","hentry","category-i4","tag-educacio-infantil","tag-linia-de-la-vida"],"post_mailing_queue_ids":[],"_links":{"self":[{"href":"https:\/\/agora.xtec.cat\/esc-teresabergada\/wp-json\/wp\/v2\/posts\/10757","targetHints":{"allow":["GET"]}}],"collection":[{"href":"https:\/\/agora.xtec.cat\/esc-teresabergada\/wp-json\/wp\/v2\/posts"}],"about":[{"href":"https:\/\/agora.xtec.cat\/esc-teresabergada\/wp-json\/wp\/v2\/types\/post"}],"author":[{"embeddable":true,"href":"https:\/\/agora.xtec.cat\/esc-teresabergada\/wp-json\/wp\/v2\/users\/12"}],"replies":[{"embeddable":true,"href":"https:\/\/agora.xtec.cat\/esc-teresabergada\/wp-json\/wp\/v2\/comments?post=10757"}],"version-history":[{"count":3,"href":"https:\/\/agora.xtec.cat\/esc-teresabergada\/wp-json\/wp\/v2\/posts\/10757\/revisions"}],"predecessor-version":[{"id":10809,"href":"https:\/\/agora.xtec.cat\/esc-teresabergada\/wp-json\/wp\/v2\/posts\/10757\/revisions\/10809"}],"wp:featuredmedia":[{"embeddable":true,"href":"https:\/\/agora.xtec.cat\/esc-teresabergada\/wp-json\/wp\/v2\/media\/9977"}],"wp:attachment":[{"href":"https:\/\/agora.xtec.cat\/esc-teresabergada\/wp-json\/wp\/v2\/media?parent=10757"}],"wp:term":[{"taxonomy":"category","embeddable":true,"href":"https:\/\/agora.xtec.cat\/esc-teresabergada\/wp-json\/wp\/v2\/categories?post=10757"},{"taxonomy":"post_tag","embeddable":true,"href":"https:\/\/agora.xtec.cat\/esc-teresabergada\/wp-json\/wp\/v2\/tags?post=10757"}],"curies":[{"name":"wp","href":"https:\/\/api.w.org\/{rel}","templated":true}]}}