{"id":10754,"date":"2022-06-08T08:17:52","date_gmt":"2022-06-08T06:17:52","guid":{"rendered":"https:\/\/agora.xtec.cat\/esc-teresabergada\/?p=10754"},"modified":"2022-06-08T08:17:52","modified_gmt":"2022-06-08T06:17:52","slug":"la-linia-de-la-vida-del-marc","status":"publish","type":"post","link":"https:\/\/agora.xtec.cat\/esc-teresabergada\/infantil\/i4\/la-linia-de-la-vida-del-marc\/","title":{"rendered":"La L\u00ednia de la vida del Marc."},"content":{"rendered":"<p>La Meri i el Marc ens van presentar la L\u00ednia de la vida. El Marc hi va escriure moltes paraules clau per entendre les seves viv\u00e8ncies. Tot comen\u00e7a a la panxa de la mare i els quatre anys queden explicats amb les fotografies ben triades. Hi surten els aniversaris, la Mona, experi\u00e8ncies com la neu, la platja, primer contacte amb la fruita. El seu primer viatge amb avi\u00f3, anant de vacances amb un any i escaig, tamb\u00e9 molt emocionant. Una de les coses m\u00e9s importants \u00e9s el naixement de l&#8217;Aina, del Sergi i de la Marta, en aquest ordre. El Marc estima molt a la seva germana i als seus cosins, com si fossin germans tamb\u00e9. Aquesta estimaci\u00f3 \u00e9s la traducci\u00f3 de la uni\u00f3 familiar que viu dia a dia. No s&#8217;ha oblidat del seu primer amic, el Kilian. Tot ben reflectit, de forma sezilla i molt ben transm\u00e8s per part de la Meri. Gr\u00e0cies per la bona estona.<\/p>\n<p><a href=\"https:\/\/drive.google.com\/drive\/folders\/1mZaJU_GKdbYpIsmXkYhyJw4kxwMi6AIq?usp=sharing\"><img loading=\"lazy\" decoding=\"async\" class=\"alignnone wp-image-10755\" src=\"https:\/\/agora.xtec.cat\/esc-teresabergada\/wp-content\/uploads\/usu1533\/2022\/06\/marc-meri-1024x937.jpg\" alt=\"\" width=\"475\" height=\"435\" \/><\/a><\/p>\n","protected":false},"excerpt":{"rendered":"<p>La Meri i el Marc ens van presentar la L\u00ednia de la vida. El Marc hi va escriure moltes paraules clau per entendre les seves viv\u00e8ncies. Tot comen\u00e7a a la panxa de la mare i els quatre anys queden explicats amb les fotografies ben triades.&hellip;  <a href=\"https:\/\/agora.xtec.cat\/esc-teresabergada\/infantil\/i4\/la-linia-de-la-vida-del-marc\/\" title=\"Read La L\u00ednia de la vida del Marc.\">Llegeix m\u00e9s\u00bb<\/a><\/p>\n","protected":false},"author":12,"featured_media":9977,"comment_status":"open","ping_status":"closed","sticky":false,"template":"","format":"standard","meta":{"_bbp_topic_count":0,"_bbp_reply_count":0,"_bbp_total_topic_count":0,"_bbp_total_reply_count":0,"_bbp_voice_count":0,"_bbp_anonymous_reply_count":0,"_bbp_topic_count_hidden":0,"_bbp_reply_count_hidden":0,"_bbp_forum_subforum_count":0,"footnotes":""},"categories":[236],"tags":[121,595],"class_list":["post-10754","post","type-post","status-publish","format-standard","has-post-thumbnail","hentry","category-i4","tag-educacio-infantil","tag-linia-de-la-vida"],"post_mailing_queue_ids":[],"_links":{"self":[{"href":"https:\/\/agora.xtec.cat\/esc-teresabergada\/wp-json\/wp\/v2\/posts\/10754","targetHints":{"allow":["GET"]}}],"collection":[{"href":"https:\/\/agora.xtec.cat\/esc-teresabergada\/wp-json\/wp\/v2\/posts"}],"about":[{"href":"https:\/\/agora.xtec.cat\/esc-teresabergada\/wp-json\/wp\/v2\/types\/post"}],"author":[{"embeddable":true,"href":"https:\/\/agora.xtec.cat\/esc-teresabergada\/wp-json\/wp\/v2\/users\/12"}],"replies":[{"embeddable":true,"href":"https:\/\/agora.xtec.cat\/esc-teresabergada\/wp-json\/wp\/v2\/comments?post=10754"}],"version-history":[{"count":3,"href":"https:\/\/agora.xtec.cat\/esc-teresabergada\/wp-json\/wp\/v2\/posts\/10754\/revisions"}],"predecessor-version":[{"id":10786,"href":"https:\/\/agora.xtec.cat\/esc-teresabergada\/wp-json\/wp\/v2\/posts\/10754\/revisions\/10786"}],"wp:featuredmedia":[{"embeddable":true,"href":"https:\/\/agora.xtec.cat\/esc-teresabergada\/wp-json\/wp\/v2\/media\/9977"}],"wp:attachment":[{"href":"https:\/\/agora.xtec.cat\/esc-teresabergada\/wp-json\/wp\/v2\/media?parent=10754"}],"wp:term":[{"taxonomy":"category","embeddable":true,"href":"https:\/\/agora.xtec.cat\/esc-teresabergada\/wp-json\/wp\/v2\/categories?post=10754"},{"taxonomy":"post_tag","embeddable":true,"href":"https:\/\/agora.xtec.cat\/esc-teresabergada\/wp-json\/wp\/v2\/tags?post=10754"}],"curies":[{"name":"wp","href":"https:\/\/api.w.org\/{rel}","templated":true}]}}