{"id":10751,"date":"2022-06-08T07:55:43","date_gmt":"2022-06-08T05:55:43","guid":{"rendered":"https:\/\/agora.xtec.cat\/esc-teresabergada\/?p=10751"},"modified":"2022-06-08T07:56:23","modified_gmt":"2022-06-08T05:56:23","slug":"la-linia-de-la-vida-del-kilian","status":"publish","type":"post","link":"https:\/\/agora.xtec.cat\/esc-teresabergada\/infantil\/i4\/la-linia-de-la-vida-del-kilian\/","title":{"rendered":"La L\u00ednia de la vida del Kilian."},"content":{"rendered":"<p>Amb l&#8217;exposici\u00f3 del Kilian i la Raquel vam gaudir molt. Una colla de fotografies desplegables que ens va obrir el m\u00f3n del Kilian. Estava molt content i emocionat per poder mostrar tantes viv\u00e8ncies.<\/p>\n<p>De ben petitet ja es va introduir en les festes nostrades com la Soca i els Reixos. Tot molt aut\u00e8ntic, com ell mateix. I tamb\u00e9 de ben petit va poder viure experi\u00e8ncies molt diferents, platja, muntanya, neu, sobretot contacte amb la natura i amb el m\u00f3n de l&#8217;esport. A tot aix\u00f2 s&#8217;afegeix el seu amor pels animals grans i petits, que desperten en ell valors importants per la vida. I com a puntal dels seus valors, l&#8217;amistat que va mantenint a mesura que es va fent gran. El Marc ja el va anar a veure quan acabava de n\u00e8ixer i ja no han deixat d&#8217;estar units. Tot plegat una l\u00ednia de la vida plena de valors humans que us agraim que hagueu vingut a mostrar-nos.<\/p>\n<p><a href=\"https:\/\/drive.google.com\/drive\/folders\/1epj_2Yj07lvVj4vTGEnDODxnnRESZswS?usp=sharing\"><img loading=\"lazy\" decoding=\"async\" class=\"alignnone wp-image-10752\" src=\"https:\/\/agora.xtec.cat\/esc-teresabergada\/wp-content\/uploads\/usu1533\/2022\/06\/kilian-i-Raquel-1024x809.jpg\" alt=\"\" width=\"519\" height=\"410\" \/><\/a><\/p>\n","protected":false},"excerpt":{"rendered":"<p>Amb l&#8217;exposici\u00f3 del Kilian i la Raquel vam gaudir molt. Una colla de fotografies desplegables que ens va obrir el m\u00f3n del Kilian. Estava molt content i emocionat per poder mostrar tantes viv\u00e8ncies.<br \/>\nDe ben petitet ja es va introduir en les festes nostrades com la&hellip;  <a href=\"https:\/\/agora.xtec.cat\/esc-teresabergada\/infantil\/i4\/la-linia-de-la-vida-del-kilian\/\" title=\"Read La L\u00ednia de la vida del Kilian.\">Llegeix m\u00e9s\u00bb<\/a><\/p>\n","protected":false},"author":12,"featured_media":9977,"comment_status":"open","ping_status":"closed","sticky":false,"template":"","format":"standard","meta":{"_bbp_topic_count":0,"_bbp_reply_count":0,"_bbp_total_topic_count":0,"_bbp_total_reply_count":0,"_bbp_voice_count":0,"_bbp_anonymous_reply_count":0,"_bbp_topic_count_hidden":0,"_bbp_reply_count_hidden":0,"_bbp_forum_subforum_count":0,"footnotes":""},"categories":[236],"tags":[121,595],"class_list":["post-10751","post","type-post","status-publish","format-standard","has-post-thumbnail","hentry","category-i4","tag-educacio-infantil","tag-linia-de-la-vida"],"post_mailing_queue_ids":[],"_links":{"self":[{"href":"https:\/\/agora.xtec.cat\/esc-teresabergada\/wp-json\/wp\/v2\/posts\/10751","targetHints":{"allow":["GET"]}}],"collection":[{"href":"https:\/\/agora.xtec.cat\/esc-teresabergada\/wp-json\/wp\/v2\/posts"}],"about":[{"href":"https:\/\/agora.xtec.cat\/esc-teresabergada\/wp-json\/wp\/v2\/types\/post"}],"author":[{"embeddable":true,"href":"https:\/\/agora.xtec.cat\/esc-teresabergada\/wp-json\/wp\/v2\/users\/12"}],"replies":[{"embeddable":true,"href":"https:\/\/agora.xtec.cat\/esc-teresabergada\/wp-json\/wp\/v2\/comments?post=10751"}],"version-history":[{"count":2,"href":"https:\/\/agora.xtec.cat\/esc-teresabergada\/wp-json\/wp\/v2\/posts\/10751\/revisions"}],"predecessor-version":[{"id":10784,"href":"https:\/\/agora.xtec.cat\/esc-teresabergada\/wp-json\/wp\/v2\/posts\/10751\/revisions\/10784"}],"wp:featuredmedia":[{"embeddable":true,"href":"https:\/\/agora.xtec.cat\/esc-teresabergada\/wp-json\/wp\/v2\/media\/9977"}],"wp:attachment":[{"href":"https:\/\/agora.xtec.cat\/esc-teresabergada\/wp-json\/wp\/v2\/media?parent=10751"}],"wp:term":[{"taxonomy":"category","embeddable":true,"href":"https:\/\/agora.xtec.cat\/esc-teresabergada\/wp-json\/wp\/v2\/categories?post=10751"},{"taxonomy":"post_tag","embeddable":true,"href":"https:\/\/agora.xtec.cat\/esc-teresabergada\/wp-json\/wp\/v2\/tags?post=10751"}],"curies":[{"name":"wp","href":"https:\/\/api.w.org\/{rel}","templated":true}]}}