{"id":10748,"date":"2022-06-07T07:37:31","date_gmt":"2022-06-07T05:37:31","guid":{"rendered":"https:\/\/agora.xtec.cat\/esc-teresabergada\/?p=10748"},"modified":"2022-06-07T07:42:16","modified_gmt":"2022-06-07T05:42:16","slug":"la-linia-de-la-vida-de-leric","status":"publish","type":"post","link":"https:\/\/agora.xtec.cat\/esc-teresabergada\/infantil\/i4\/la-linia-de-la-vida-de-leric\/","title":{"rendered":"La L\u00ednia de la vida de l&#8217;\u00c8ric."},"content":{"rendered":"<p>La Laia, la mare de l&#8217;Eric, va venir a presentar la\u00a0 L\u00ednia de la vida. Ens va comentar que no sabia quina fotografia triar o descartar i que va haver d&#8217;afegir una mica de paper per incorporar m\u00e9s fotografies. Ho va explicar de forma senzilla i r\u00e0pida, deixant const\u00e0ncia a les fotografies de tota una vida intensa i plena.<\/p>\n<p>Molts moments i molt importants per una fam\u00edlia i un infant que va ser el centre de la L\u00ednia. Des del naixement, moments familiars amb pres\u00e8ncia de padrins i m\u00e9s, festes i celebracions d&#8217;aniversari, disfressa de spiderman, passeig amb el quad i el pare, i moltes m\u00e9s experi\u00e8ncies. I una constant, la cara de felicitat de l&#8217;\u00c8ric. Gr\u00e0cies per venir a mostrar-nos aquesta llarga L\u00ednia, per\u00f2 intensa.<\/p>\n<p><a href=\"https:\/\/drive.google.com\/drive\/folders\/1f4kFluTsLr3gkXvIGaJd-qP63QUoBvDJ?usp=sharing\"><img loading=\"lazy\" decoding=\"async\" class=\"alignnone wp-image-10749\" src=\"https:\/\/agora.xtec.cat\/esc-teresabergada\/wp-content\/uploads\/usu1533\/2022\/06\/eric-i-laia-1024x768.jpg\" alt=\"\" width=\"438\" height=\"329\" \/><\/a><\/p>\n","protected":false},"excerpt":{"rendered":"<p>La Laia, la mare de l&#8217;Eric, va venir a presentar la\u00a0 L\u00ednia de la vida. Ens va comentar que no sabia quina fotografia triar o descartar i que va haver d&#8217;afegir una mica de paper per incorporar m\u00e9s fotografies. Ho va explicar de forma senzilla&hellip;  <a href=\"https:\/\/agora.xtec.cat\/esc-teresabergada\/infantil\/i4\/la-linia-de-la-vida-de-leric\/\" title=\"Read La L\u00ednia de la vida de l&#8217;\u00c8ric.\">Llegeix m\u00e9s\u00bb<\/a><\/p>\n","protected":false},"author":12,"featured_media":9977,"comment_status":"open","ping_status":"closed","sticky":false,"template":"","format":"standard","meta":{"_bbp_topic_count":0,"_bbp_reply_count":0,"_bbp_total_topic_count":0,"_bbp_total_reply_count":0,"_bbp_voice_count":0,"_bbp_anonymous_reply_count":0,"_bbp_topic_count_hidden":0,"_bbp_reply_count_hidden":0,"_bbp_forum_subforum_count":0,"footnotes":""},"categories":[236],"tags":[121,595],"class_list":["post-10748","post","type-post","status-publish","format-standard","has-post-thumbnail","hentry","category-i4","tag-educacio-infantil","tag-linia-de-la-vida"],"post_mailing_queue_ids":[],"_links":{"self":[{"href":"https:\/\/agora.xtec.cat\/esc-teresabergada\/wp-json\/wp\/v2\/posts\/10748","targetHints":{"allow":["GET"]}}],"collection":[{"href":"https:\/\/agora.xtec.cat\/esc-teresabergada\/wp-json\/wp\/v2\/posts"}],"about":[{"href":"https:\/\/agora.xtec.cat\/esc-teresabergada\/wp-json\/wp\/v2\/types\/post"}],"author":[{"embeddable":true,"href":"https:\/\/agora.xtec.cat\/esc-teresabergada\/wp-json\/wp\/v2\/users\/12"}],"replies":[{"embeddable":true,"href":"https:\/\/agora.xtec.cat\/esc-teresabergada\/wp-json\/wp\/v2\/comments?post=10748"}],"version-history":[{"count":4,"href":"https:\/\/agora.xtec.cat\/esc-teresabergada\/wp-json\/wp\/v2\/posts\/10748\/revisions"}],"predecessor-version":[{"id":10783,"href":"https:\/\/agora.xtec.cat\/esc-teresabergada\/wp-json\/wp\/v2\/posts\/10748\/revisions\/10783"}],"wp:featuredmedia":[{"embeddable":true,"href":"https:\/\/agora.xtec.cat\/esc-teresabergada\/wp-json\/wp\/v2\/media\/9977"}],"wp:attachment":[{"href":"https:\/\/agora.xtec.cat\/esc-teresabergada\/wp-json\/wp\/v2\/media?parent=10748"}],"wp:term":[{"taxonomy":"category","embeddable":true,"href":"https:\/\/agora.xtec.cat\/esc-teresabergada\/wp-json\/wp\/v2\/categories?post=10748"},{"taxonomy":"post_tag","embeddable":true,"href":"https:\/\/agora.xtec.cat\/esc-teresabergada\/wp-json\/wp\/v2\/tags?post=10748"}],"curies":[{"name":"wp","href":"https:\/\/api.w.org\/{rel}","templated":true}]}}