{"id":10745,"date":"2022-06-07T07:20:25","date_gmt":"2022-06-07T05:20:25","guid":{"rendered":"https:\/\/agora.xtec.cat\/esc-teresabergada\/?p=10745"},"modified":"2022-06-07T07:20:25","modified_gmt":"2022-06-07T05:20:25","slug":"la-linia-de-la-vida-de-labril","status":"publish","type":"post","link":"https:\/\/agora.xtec.cat\/esc-teresabergada\/infantil\/i4\/la-linia-de-la-vida-de-labril\/","title":{"rendered":"La L\u00ednia de la vida de l&#8217;Abril"},"content":{"rendered":"<p>El pare de l&#8217;Abril va venir a exposar la seva L\u00ednia de la vida. L&#8217;eix principal va ser la fam\u00edlia i esdeveniments importants. A partir del naixement, tot acompanyat amb els pares, les germanes i els padrins, el primer gateig i primers passos per rec\u00f3rrer la vida. Tamb\u00e9 com a viv\u00e8ncia essencial el viatge a Equador, per visitar la seva bes\u00e0via Chavela i la seva abuelita Chavelita. L&#8217;expressi\u00f3 de totes, de poder estar juntes ho deia tot. I, finalment, l&#8217;aprenentatge d&#8217;anar en bicicleta, els aniversaris, el primer dia d&#8217;escola i la seva estimada mascota. Gr\u00e0cies\u00a0 per venir a explicar-nos aquests moments.<\/p>\n<p><a href=\"https:\/\/drive.google.com\/drive\/folders\/1D5yiNbMBLevSvTNCU_RPXiVY3L09yjUU?usp=sharing\"><img loading=\"lazy\" decoding=\"async\" class=\"alignnone wp-image-10746\" src=\"https:\/\/agora.xtec.cat\/esc-teresabergada\/wp-content\/uploads\/usu1533\/2022\/06\/ABRIL-I-JOAN-1024x768.jpg\" alt=\"\" width=\"481\" height=\"361\" \/><\/a><\/p>\n","protected":false},"excerpt":{"rendered":"<p>El pare de l&#8217;Abril va venir a exposar la seva L\u00ednia de la vida. L&#8217;eix principal va ser la fam\u00edlia i esdeveniments importants. A partir del naixement, tot acompanyat amb els pares, les germanes i els padrins, el primer gateig i primers passos per rec\u00f3rrer&hellip;  <a href=\"https:\/\/agora.xtec.cat\/esc-teresabergada\/infantil\/i4\/la-linia-de-la-vida-de-labril\/\" title=\"Read La L\u00ednia de la vida de l&#8217;Abril\">Llegeix m\u00e9s\u00bb<\/a><\/p>\n","protected":false},"author":12,"featured_media":9977,"comment_status":"open","ping_status":"closed","sticky":false,"template":"","format":"standard","meta":{"_bbp_topic_count":0,"_bbp_reply_count":0,"_bbp_total_topic_count":0,"_bbp_total_reply_count":0,"_bbp_voice_count":0,"_bbp_anonymous_reply_count":0,"_bbp_topic_count_hidden":0,"_bbp_reply_count_hidden":0,"_bbp_forum_subforum_count":0,"footnotes":""},"categories":[236],"tags":[121,595],"class_list":["post-10745","post","type-post","status-publish","format-standard","has-post-thumbnail","hentry","category-i4","tag-educacio-infantil","tag-linia-de-la-vida"],"post_mailing_queue_ids":[],"_links":{"self":[{"href":"https:\/\/agora.xtec.cat\/esc-teresabergada\/wp-json\/wp\/v2\/posts\/10745","targetHints":{"allow":["GET"]}}],"collection":[{"href":"https:\/\/agora.xtec.cat\/esc-teresabergada\/wp-json\/wp\/v2\/posts"}],"about":[{"href":"https:\/\/agora.xtec.cat\/esc-teresabergada\/wp-json\/wp\/v2\/types\/post"}],"author":[{"embeddable":true,"href":"https:\/\/agora.xtec.cat\/esc-teresabergada\/wp-json\/wp\/v2\/users\/12"}],"replies":[{"embeddable":true,"href":"https:\/\/agora.xtec.cat\/esc-teresabergada\/wp-json\/wp\/v2\/comments?post=10745"}],"version-history":[{"count":2,"href":"https:\/\/agora.xtec.cat\/esc-teresabergada\/wp-json\/wp\/v2\/posts\/10745\/revisions"}],"predecessor-version":[{"id":10779,"href":"https:\/\/agora.xtec.cat\/esc-teresabergada\/wp-json\/wp\/v2\/posts\/10745\/revisions\/10779"}],"wp:featuredmedia":[{"embeddable":true,"href":"https:\/\/agora.xtec.cat\/esc-teresabergada\/wp-json\/wp\/v2\/media\/9977"}],"wp:attachment":[{"href":"https:\/\/agora.xtec.cat\/esc-teresabergada\/wp-json\/wp\/v2\/media?parent=10745"}],"wp:term":[{"taxonomy":"category","embeddable":true,"href":"https:\/\/agora.xtec.cat\/esc-teresabergada\/wp-json\/wp\/v2\/categories?post=10745"},{"taxonomy":"post_tag","embeddable":true,"href":"https:\/\/agora.xtec.cat\/esc-teresabergada\/wp-json\/wp\/v2\/tags?post=10745"}],"curies":[{"name":"wp","href":"https:\/\/api.w.org\/{rel}","templated":true}]}}