{"id":10729,"date":"2022-06-05T18:29:35","date_gmt":"2022-06-05T16:29:35","guid":{"rendered":"https:\/\/agora.xtec.cat\/esc-teresabergada\/?p=10729"},"modified":"2022-08-10T13:36:06","modified_gmt":"2022-08-10T11:36:06","slug":"exalumnes-visiten-les-aules-de-6e","status":"publish","type":"post","link":"https:\/\/agora.xtec.cat\/esc-teresabergada\/general\/exalumnes-visiten-les-aules-de-6e\/","title":{"rendered":"EXALUMNES VISITEN LES AULES DE 6\u00c8"},"content":{"rendered":"<p>&nbsp;<\/p>\n<p style=\"text-align: justify;\">La Laura, la Jana, el Pol i l&#8217;Ares, exalumnes de la nostra escola que ara estan fent primer de l&#8217;ESO a l&#8217;Institut d&#8217;Almenar, van venir a visitar l&#8217;alumnat de les classes de sis\u00e8 la tarda del passat divendres tres de juny.<\/p>\n<p>&nbsp;<\/p>\n<p style=\"text-align: justify;\">Amb moltes ganes i entusiasme van explicar la seva experi\u00e8ncia del pas a secund\u00e0ria: horaris, rutines, instal\u00b7lacions, professors, normes.. Els nois i les noies de sis\u00e8 van mostrar molt inter\u00e8s i ganes a l&#8217;hora d&#8217;escoltar viv\u00e8ncies que donessin resposta als seus dubtes&#8230;i \u00e9s que encara que tinguin moltes ganes d&#8217;incorporar-se al nou centre, les coses desconegudes sempre generen una mica de neguit.<\/p>\n<p>&nbsp;<\/p>\n<p style=\"text-align: justify;\">Moltes gr\u00e0cies a tots\/es quatre per haver compartit amb l&#8217;alumnat de sis\u00e8 una tarda tan bonica i profitosa.\ud83d\udc9e<\/p>\n<p>EQUIP CICLE SUPERIOR<\/p>\n","protected":false},"excerpt":{"rendered":"<p>&nbsp;<br \/>\nLa Laura, la Jana, el Pol i l&#8217;Ares, exalumnes de la nostra escola que ara estan fent primer de l&#8217;ESO a l&#8217;Institut d&#8217;Almenar, van venir a visitar l&#8217;alumnat de les classes de sis\u00e8 la tarda del passat divendres tres de juny.<br \/>\n&nbsp;<br \/>\nAmb moltes ganes i entusiasme&hellip;  <a href=\"https:\/\/agora.xtec.cat\/esc-teresabergada\/general\/exalumnes-visiten-les-aules-de-6e\/\" title=\"Read EXALUMNES VISITEN LES AULES DE 6\u00c8\">Llegeix m\u00e9s\u00bb<\/a><\/p>\n","protected":false},"author":32,"featured_media":0,"comment_status":"open","ping_status":"closed","sticky":false,"template":"","format":"standard","meta":{"_bbp_topic_count":0,"_bbp_reply_count":0,"_bbp_total_topic_count":0,"_bbp_total_reply_count":0,"_bbp_voice_count":0,"_bbp_anonymous_reply_count":0,"_bbp_topic_count_hidden":0,"_bbp_reply_count_hidden":0,"_bbp_forum_subforum_count":0,"footnotes":""},"categories":[349,240,1],"tags":[],"class_list":["post-10729","post","type-post","status-publish","format-standard","hentry","category-5e","category-6e","category-general"],"post_mailing_queue_ids":[],"_links":{"self":[{"href":"https:\/\/agora.xtec.cat\/esc-teresabergada\/wp-json\/wp\/v2\/posts\/10729","targetHints":{"allow":["GET"]}}],"collection":[{"href":"https:\/\/agora.xtec.cat\/esc-teresabergada\/wp-json\/wp\/v2\/posts"}],"about":[{"href":"https:\/\/agora.xtec.cat\/esc-teresabergada\/wp-json\/wp\/v2\/types\/post"}],"author":[{"embeddable":true,"href":"https:\/\/agora.xtec.cat\/esc-teresabergada\/wp-json\/wp\/v2\/users\/32"}],"replies":[{"embeddable":true,"href":"https:\/\/agora.xtec.cat\/esc-teresabergada\/wp-json\/wp\/v2\/comments?post=10729"}],"version-history":[{"count":3,"href":"https:\/\/agora.xtec.cat\/esc-teresabergada\/wp-json\/wp\/v2\/posts\/10729\/revisions"}],"predecessor-version":[{"id":10901,"href":"https:\/\/agora.xtec.cat\/esc-teresabergada\/wp-json\/wp\/v2\/posts\/10729\/revisions\/10901"}],"wp:attachment":[{"href":"https:\/\/agora.xtec.cat\/esc-teresabergada\/wp-json\/wp\/v2\/media?parent=10729"}],"wp:term":[{"taxonomy":"category","embeddable":true,"href":"https:\/\/agora.xtec.cat\/esc-teresabergada\/wp-json\/wp\/v2\/categories?post=10729"},{"taxonomy":"post_tag","embeddable":true,"href":"https:\/\/agora.xtec.cat\/esc-teresabergada\/wp-json\/wp\/v2\/tags?post=10729"}],"curies":[{"name":"wp","href":"https:\/\/api.w.org\/{rel}","templated":true}]}}