{"id":10725,"date":"2022-06-04T21:10:13","date_gmt":"2022-06-04T19:10:13","guid":{"rendered":"https:\/\/agora.xtec.cat\/esc-teresabergada\/?p=10725"},"modified":"2022-07-11T10:30:20","modified_gmt":"2022-07-11T08:30:20","slug":"castell-de-montsonis","status":"publish","type":"post","link":"https:\/\/agora.xtec.cat\/esc-teresabergada\/general\/castell-de-montsonis\/","title":{"rendered":"Castell de Montson\u00eds"},"content":{"rendered":"<p>El curs ja finalitza i, amb ell, el nostre projecte. Vam comen\u00e7ar-lo a la Prehist\u00f2ria,\u00a0 vivint-la en primera persona al Camp d&#8217;aprenentatge de la Noguera, i ara, l&#8217;acabarem tamb\u00e9 havent tocat l&#8217;Edat Mitjana amb la visita del Castell de Montson\u00eds.<\/p>\n<p>Va ser una visita espectacular en la qual vam poder imaginar com devia ser la vida en un Castell medieval. Vam descobrir curiositats com que encara hi viu la baronessa al Castell, que el n\u00famero de peu que feien de mitjana aleshores era el 32, o que mesuraven uns 130 cm. d&#8217;al\u00e7ada, que es casaven als 12 anys, o que quan es morien els posaven estirats a una taula uns 3 dies fins que s&#8217;asseguraven que eren morts&#8230;<\/p>\n<p>Vam descobrir tamb\u00e9 que \u00e9s important preguntar-nos el per qu\u00e8 de les coses, i que can\u00e7ons com &#8220;El Joan Petit quan balla&#8221; s\u00f3n can\u00e7ons sanguin\u00e0ries que provenen d&#8217;aquella \u00e8poca. Gr\u00e0cies al Ferran Aixal\u00e0 vam aprendre la Dansa de l&#8217;\u00f3s, i ell ens va fer de joglar.<\/p>\n<p>Va ser una sortida molt bonica i acalorada, amb la qual ens acomiadarem del curs.<\/p>\n<p style=\"text-align: right\">Cliqueu a la imatge si voleu veure\u2019n una mostra.<\/p>\n<p><em> <a href=\"https:\/\/drive.google.com\/drive\/folders\/1fGHT4Jq7W024zREagmlJskHO5CqvPJPY\"><img loading=\"lazy\" decoding=\"async\" class=\"aligncenter wp-image-10726 size-medium\" src=\"https:\/\/agora.xtec.cat\/esc-teresabergada\/wp-content\/uploads\/usu1533\/2022\/06\/20220602_150030-300x169.jpg\" alt=\"\" width=\"300\" height=\"169\" \/><\/a><\/em><\/p>\n","protected":false},"excerpt":{"rendered":"<p>El curs ja finalitza i, amb ell, el nostre projecte. Vam comen\u00e7ar-lo a la Prehist\u00f2ria,\u00a0 vivint-la en primera persona al Camp d&#8217;aprenentatge de la Noguera, i ara, l&#8217;acabarem tamb\u00e9 havent tocat l&#8217;Edat Mitjana amb la visita del Castell de Montson\u00eds.<br \/>\nVa ser una visita espectacular en&hellip;  <a href=\"https:\/\/agora.xtec.cat\/esc-teresabergada\/general\/castell-de-montsonis\/\" title=\"Read Castell de Montson\u00eds\">Llegeix m\u00e9s\u00bb<\/a><\/p>\n","protected":false},"author":37,"featured_media":0,"comment_status":"open","ping_status":"closed","sticky":false,"template":"","format":"standard","meta":{"_bbp_topic_count":0,"_bbp_reply_count":0,"_bbp_total_topic_count":0,"_bbp_total_reply_count":0,"_bbp_voice_count":0,"_bbp_anonymous_reply_count":0,"_bbp_topic_count_hidden":0,"_bbp_reply_count_hidden":0,"_bbp_forum_subforum_count":0,"footnotes":""},"categories":[238,250,1],"tags":[439,617,559],"class_list":["post-10725","post","type-post","status-publish","format-standard","hentry","category-3r","category-4t","category-general","tag-cicle-mitja","tag-edat-mitjana","tag-projecte-historia"],"post_mailing_queue_ids":[],"_links":{"self":[{"href":"https:\/\/agora.xtec.cat\/esc-teresabergada\/wp-json\/wp\/v2\/posts\/10725","targetHints":{"allow":["GET"]}}],"collection":[{"href":"https:\/\/agora.xtec.cat\/esc-teresabergada\/wp-json\/wp\/v2\/posts"}],"about":[{"href":"https:\/\/agora.xtec.cat\/esc-teresabergada\/wp-json\/wp\/v2\/types\/post"}],"author":[{"embeddable":true,"href":"https:\/\/agora.xtec.cat\/esc-teresabergada\/wp-json\/wp\/v2\/users\/37"}],"replies":[{"embeddable":true,"href":"https:\/\/agora.xtec.cat\/esc-teresabergada\/wp-json\/wp\/v2\/comments?post=10725"}],"version-history":[{"count":2,"href":"https:\/\/agora.xtec.cat\/esc-teresabergada\/wp-json\/wp\/v2\/posts\/10725\/revisions"}],"predecessor-version":[{"id":10728,"href":"https:\/\/agora.xtec.cat\/esc-teresabergada\/wp-json\/wp\/v2\/posts\/10725\/revisions\/10728"}],"wp:attachment":[{"href":"https:\/\/agora.xtec.cat\/esc-teresabergada\/wp-json\/wp\/v2\/media?parent=10725"}],"wp:term":[{"taxonomy":"category","embeddable":true,"href":"https:\/\/agora.xtec.cat\/esc-teresabergada\/wp-json\/wp\/v2\/categories?post=10725"},{"taxonomy":"post_tag","embeddable":true,"href":"https:\/\/agora.xtec.cat\/esc-teresabergada\/wp-json\/wp\/v2\/tags?post=10725"}],"curies":[{"name":"wp","href":"https:\/\/api.w.org\/{rel}","templated":true}]}}