{"id":10717,"date":"2022-06-01T17:31:20","date_gmt":"2022-06-01T15:31:20","guid":{"rendered":"https:\/\/agora.xtec.cat\/esc-teresabergada\/?p=10717"},"modified":"2022-06-01T23:04:38","modified_gmt":"2022-06-01T21:04:38","slug":"stop-motion","status":"publish","type":"post","link":"https:\/\/agora.xtec.cat\/esc-teresabergada\/general\/stop-motion\/","title":{"rendered":"STOP MOTION"},"content":{"rendered":"<p style=\"text-align: center\">Els alumnes de cicle inicial durant el segon trimestre han estat treballant els STOP MOTION.<\/p>\n<p style=\"text-align: center\">L&#8217;stop-motion \u00e9s una t\u00e8cnica d&#8217;animaci\u00f3 que consisteix en capturar fotografies consecutives d&#8217;un objecte movent-lo una mica entre fotografia i fotografia de manera que, visualitzant-les r\u00e0pidament, sembla\u00a0 \u00a0que l&#8217;objecte es mou.<\/p>\n<p style=\"text-align: center\">Aquestes petites animacions estan publicades a l&#8217;espai KUU. Us afegim l&#8217;enlla\u00e7 per tal que en podeu gaudir.<\/p>\n<p style=\"text-align: center\">A m\u00e9s a m\u00e9s podeu valorar-les i els que treguin una puntuaci\u00f3 m\u00e9s alta seran projectades a la web.<\/p>\n<p>&nbsp;<\/p>\n<p><a href=\"https:\/\/maznar2.wixsite.com\/emotion\/stop-motion-1\"><img decoding=\"async\" class=\"aligncenter\" src=\"https:\/\/static.wixstatic.com\/media\/75de13_2d39d3ded7934023881f1c206cf2fdb1~mv2.jpg\/v1\/fill\/w_347,h_229,al_c,lg_1,q_80,enc_auto\/Imatge7_edited_edited.jpg\" alt=\"Imatge7_edited_edited.jpg\" \/><\/a><\/p>\n<p>&nbsp;<\/p>\n<p>&nbsp;<\/p>\n<p>&nbsp;<\/p>\n<p>&nbsp;<\/p>\n<p>&nbsp;<\/p>\n<p>&nbsp;<\/p>\n","protected":false},"excerpt":{"rendered":"<p>Els alumnes de cicle inicial durant el segon trimestre han estat treballant els STOP MOTION.<br \/>\nL&#8217;stop-motion \u00e9s una t\u00e8cnica d&#8217;animaci\u00f3 que consisteix en capturar fotografies consecutives d&#8217;un objecte movent-lo una mica entre fotografia i fotografia de manera que, visualitzant-les r\u00e0pidament, sembla\u00a0 \u00a0que l&#8217;objecte es mou.<br \/>\nAquestes petites&hellip;  <a href=\"https:\/\/agora.xtec.cat\/esc-teresabergada\/general\/stop-motion\/\" title=\"Read STOP MOTION\">Llegeix m\u00e9s\u00bb<\/a><\/p>\n","protected":false},"author":47,"featured_media":10723,"comment_status":"open","ping_status":"closed","sticky":false,"template":"","format":"standard","meta":{"_bbp_topic_count":0,"_bbp_reply_count":0,"_bbp_total_topic_count":0,"_bbp_total_reply_count":0,"_bbp_voice_count":0,"_bbp_anonymous_reply_count":0,"_bbp_topic_count_hidden":0,"_bbp_reply_count_hidden":0,"_bbp_forum_subforum_count":0,"footnotes":""},"categories":[348,153,1],"tags":[],"class_list":["post-10717","post","type-post","status-publish","format-standard","has-post-thumbnail","hentry","category-1r","category-2n","category-general"],"post_mailing_queue_ids":[],"_links":{"self":[{"href":"https:\/\/agora.xtec.cat\/esc-teresabergada\/wp-json\/wp\/v2\/posts\/10717","targetHints":{"allow":["GET"]}}],"collection":[{"href":"https:\/\/agora.xtec.cat\/esc-teresabergada\/wp-json\/wp\/v2\/posts"}],"about":[{"href":"https:\/\/agora.xtec.cat\/esc-teresabergada\/wp-json\/wp\/v2\/types\/post"}],"author":[{"embeddable":true,"href":"https:\/\/agora.xtec.cat\/esc-teresabergada\/wp-json\/wp\/v2\/users\/47"}],"replies":[{"embeddable":true,"href":"https:\/\/agora.xtec.cat\/esc-teresabergada\/wp-json\/wp\/v2\/comments?post=10717"}],"version-history":[{"count":4,"href":"https:\/\/agora.xtec.cat\/esc-teresabergada\/wp-json\/wp\/v2\/posts\/10717\/revisions"}],"predecessor-version":[{"id":10724,"href":"https:\/\/agora.xtec.cat\/esc-teresabergada\/wp-json\/wp\/v2\/posts\/10717\/revisions\/10724"}],"wp:featuredmedia":[{"embeddable":true,"href":"https:\/\/agora.xtec.cat\/esc-teresabergada\/wp-json\/wp\/v2\/media\/10723"}],"wp:attachment":[{"href":"https:\/\/agora.xtec.cat\/esc-teresabergada\/wp-json\/wp\/v2\/media?parent=10717"}],"wp:term":[{"taxonomy":"category","embeddable":true,"href":"https:\/\/agora.xtec.cat\/esc-teresabergada\/wp-json\/wp\/v2\/categories?post=10717"},{"taxonomy":"post_tag","embeddable":true,"href":"https:\/\/agora.xtec.cat\/esc-teresabergada\/wp-json\/wp\/v2\/tags?post=10717"}],"curies":[{"name":"wp","href":"https:\/\/api.w.org\/{rel}","templated":true}]}}