{"id":10712,"date":"2022-05-25T11:53:52","date_gmt":"2022-05-25T09:53:52","guid":{"rendered":"https:\/\/agora.xtec.cat\/esc-teresabergada\/?p=10712"},"modified":"2022-07-11T11:28:00","modified_gmt":"2022-07-11T09:28:00","slug":"sala-dinformatica","status":"publish","type":"post","link":"https:\/\/agora.xtec.cat\/esc-teresabergada\/blocs-de-primaria\/6e\/sala-dinformatica\/","title":{"rendered":"SALA D&#8217;INFORM\u00c0TICA"},"content":{"rendered":"<p style=\"text-align: justify;\">Penseu que la sala d&#8217;inform\u00e0tica \u00e9s \u00fatil? Us agrada que cada setmana tinguem una hora de l&#8217;horari per anar a inform\u00e0tica? Penseu que tots els ordinadors van b\u00e9?<\/p>\n<p style=\"text-align: justify;\">La sala d&#8217;inform\u00e0tica \u00e9s un espai on hi ha ordinadors i la utilitzen els nens i nenes de l&#8217;escola per buscar informaci\u00f3 o per jugar a jocs a l&#8217;ordinador.<\/p>\n<p style=\"text-align: justify;\">L&#8217;avantatge de la sala d&#8217;inform\u00e0tica \u00e9s que no cal buscar tota la informaci\u00f3 que necessitem als llibres, sin\u00f3 que podem buscar informaci\u00f3 m\u00e9s f\u00e0cilment per internet.<\/p>\n<p style=\"text-align: justify;\">La part negativa \u00e9s que alguns van malament, no funcionen els auriculars, els teclats&#8230; El wifi va una mica lent i el projector no sempre funciona.<\/p>\n<p style=\"text-align: justify;\">La veritat \u00e9s que els de 6\u00e8 la fem servir molt poc perqu\u00e8 tenim ordinadors propis a classe, per\u00f2 les vegades que s\u00ed que anem tenim alguns problemes t\u00e8cnics.<\/p>\n<p style=\"text-align: right;\"><img loading=\"lazy\" decoding=\"async\" class=\"wp-image-10713 aligncenter\" src=\"https:\/\/agora.xtec.cat\/esc-teresabergada\/wp-content\/uploads\/usu1533\/2022\/05\/informatica-e1653471837367-1024x758.jpg\" alt=\"\" width=\"499\" height=\"369\" srcset=\"https:\/\/agora.xtec.cat\/esc-teresabergada\/wp-content\/uploads\/usu1533\/2022\/05\/informatica-e1653471837367-1024x758.jpg 1024w, https:\/\/agora.xtec.cat\/esc-teresabergada\/wp-content\/uploads\/usu1533\/2022\/05\/informatica-e1653471837367-300x222.jpg 300w, https:\/\/agora.xtec.cat\/esc-teresabergada\/wp-content\/uploads\/usu1533\/2022\/05\/informatica-e1653471837367-768x568.jpg 768w, https:\/\/agora.xtec.cat\/esc-teresabergada\/wp-content\/uploads\/usu1533\/2022\/05\/informatica-e1653471837367.jpg 1080w\" sizes=\"auto, (max-width: 499px) 100vw, 499px\" \/><\/p>\n<p style=\"text-align: right;\">Denisa Maria Friciu.<\/p>\n<p>&nbsp;<\/p>\n","protected":false},"excerpt":{"rendered":"<p>Penseu que la sala d&#8217;inform\u00e0tica \u00e9s \u00fatil? Us agrada que cada setmana tinguem una hora de l&#8217;horari per anar a inform\u00e0tica? Penseu que tots els ordinadors van b\u00e9?<br \/>\nLa sala d&#8217;inform\u00e0tica \u00e9s un espai on hi ha ordinadors i la utilitzen els nens i nenes de&hellip;  <a href=\"https:\/\/agora.xtec.cat\/esc-teresabergada\/blocs-de-primaria\/6e\/sala-dinformatica\/\" title=\"Read SALA D&#8217;INFORM\u00c0TICA\">Llegeix m\u00e9s\u00bb<\/a><\/p>\n","protected":false},"author":1,"featured_media":10713,"comment_status":"open","ping_status":"closed","sticky":false,"template":"","format":"standard","meta":{"_bbp_topic_count":0,"_bbp_reply_count":0,"_bbp_total_topic_count":0,"_bbp_total_reply_count":0,"_bbp_voice_count":0,"_bbp_anonymous_reply_count":0,"_bbp_topic_count_hidden":0,"_bbp_reply_count_hidden":0,"_bbp_forum_subforum_count":0,"footnotes":""},"categories":[240],"tags":[523],"class_list":["post-10712","post","type-post","status-publish","format-standard","has-post-thumbnail","hentry","category-6e","tag-redactoriredactoradelblog"],"post_mailing_queue_ids":[],"_links":{"self":[{"href":"https:\/\/agora.xtec.cat\/esc-teresabergada\/wp-json\/wp\/v2\/posts\/10712","targetHints":{"allow":["GET"]}}],"collection":[{"href":"https:\/\/agora.xtec.cat\/esc-teresabergada\/wp-json\/wp\/v2\/posts"}],"about":[{"href":"https:\/\/agora.xtec.cat\/esc-teresabergada\/wp-json\/wp\/v2\/types\/post"}],"author":[{"embeddable":true,"href":"https:\/\/agora.xtec.cat\/esc-teresabergada\/wp-json\/wp\/v2\/users\/1"}],"replies":[{"embeddable":true,"href":"https:\/\/agora.xtec.cat\/esc-teresabergada\/wp-json\/wp\/v2\/comments?post=10712"}],"version-history":[{"count":3,"href":"https:\/\/agora.xtec.cat\/esc-teresabergada\/wp-json\/wp\/v2\/posts\/10712\/revisions"}],"predecessor-version":[{"id":10898,"href":"https:\/\/agora.xtec.cat\/esc-teresabergada\/wp-json\/wp\/v2\/posts\/10712\/revisions\/10898"}],"wp:featuredmedia":[{"embeddable":true,"href":"https:\/\/agora.xtec.cat\/esc-teresabergada\/wp-json\/wp\/v2\/media\/10713"}],"wp:attachment":[{"href":"https:\/\/agora.xtec.cat\/esc-teresabergada\/wp-json\/wp\/v2\/media?parent=10712"}],"wp:term":[{"taxonomy":"category","embeddable":true,"href":"https:\/\/agora.xtec.cat\/esc-teresabergada\/wp-json\/wp\/v2\/categories?post=10712"},{"taxonomy":"post_tag","embeddable":true,"href":"https:\/\/agora.xtec.cat\/esc-teresabergada\/wp-json\/wp\/v2\/tags?post=10712"}],"curies":[{"name":"wp","href":"https:\/\/api.w.org\/{rel}","templated":true}]}}