{"id":10668,"date":"2022-04-27T13:59:10","date_gmt":"2022-04-27T11:59:10","guid":{"rendered":"https:\/\/agora.xtec.cat\/esc-teresabergada\/?p=10668"},"modified":"2022-07-11T11:01:37","modified_gmt":"2022-07-11T09:01:37","slug":"diada-de-sant-jordi-2","status":"publish","type":"post","link":"https:\/\/agora.xtec.cat\/esc-teresabergada\/general\/diada-de-sant-jordi-2\/","title":{"rendered":"DIADA DE SANT JORDI"},"content":{"rendered":"<p style=\"text-align: justify\">El passat divendres 22 d&#8217;abril a l&#8217;Escola Teresa Bergad\u00e0 d&#8217;Alguaire es va celebrar la diada de Sant Jordi.<\/p>\n<p style=\"text-align: justify\">La celebraci\u00f3 va comen\u00e7ar el dijous a la tarda amb els alumnes de cinqu\u00e8 B, que van ser mestres dels alumnes de primer i segon, acompanyant-los als contes que feien al pati els de sis\u00e8 B.<\/p>\n<p><img loading=\"lazy\" decoding=\"async\" class=\"aligncenter wp-image-10672 size-full\" src=\"https:\/\/agora.xtec.cat\/esc-teresabergada\/wp-content\/uploads\/usu1533\/2022\/04\/IMG_3760.jpg\" alt=\"\" width=\"640\" height=\"480\" \/><\/p>\n<p style=\"text-align: justify\">El divendres pel mat\u00ed van fer diferents tallers, per exemple: manualitats de roses amb la <em>teacher Maria<\/em> o tallers de cuina de com fer <em>guacamole<\/em>. Tamb\u00e9 hi havia una paradeta per a que els alumnes compressin llibres .<\/p>\n<p><img loading=\"lazy\" decoding=\"async\" class=\"aligncenter wp-image-10673 size-full\" src=\"https:\/\/agora.xtec.cat\/esc-teresabergada\/wp-content\/uploads\/usu1533\/2022\/04\/IMG_3769.jpg\" alt=\"\" width=\"640\" height=\"480\" srcset=\"https:\/\/agora.xtec.cat\/esc-teresabergada\/wp-content\/uploads\/usu1533\/2022\/04\/IMG_3769.jpg 640w, https:\/\/agora.xtec.cat\/esc-teresabergada\/wp-content\/uploads\/usu1533\/2022\/04\/IMG_3769-300x225.jpg 300w, https:\/\/agora.xtec.cat\/esc-teresabergada\/wp-content\/uploads\/usu1533\/2022\/04\/IMG_3769-200x150.jpg 200w\" sizes=\"auto, (max-width: 640px) 100vw, 640px\" \/><\/p>\n<p style=\"text-align: justify\">Per la tarda, tots els alumnes de l&#8217;escola i de l&#8217;escola bressol van anar a veure al Casal del poble un teatre de titelles sobre una adaptaci\u00f3 canviada de la llegenda de Sant Jordi, on el cavaller no matava al drac perqu\u00e8 era bo.<\/p>\n<p style=\"text-align: justify\">La diada de Sant Jordi \u00e9s una celebraci\u00f3 tradicional a Catalunya que es celebra des del segle XV i en la actualitat es regalen roses i libres .<\/p>\n<p style=\"text-align: justify\">Ian Picadizo Bermejo.<\/p>\n","protected":false},"excerpt":{"rendered":"<p>El passat divendres 22 d&#8217;abril a l&#8217;Escola Teresa Bergad\u00e0 d&#8217;Alguaire es va celebrar la diada de Sant Jordi.<br \/>\nLa celebraci\u00f3 va comen\u00e7ar el dijous a la tarda amb els alumnes de cinqu\u00e8 B, que van ser mestres dels alumnes de primer i segon, acompanyant-los als contes&hellip;  <a href=\"https:\/\/agora.xtec.cat\/esc-teresabergada\/general\/diada-de-sant-jordi-2\/\" title=\"Read DIADA DE SANT JORDI\">Llegeix m\u00e9s\u00bb<\/a><\/p>\n","protected":false},"author":32,"featured_media":0,"comment_status":"open","ping_status":"closed","sticky":false,"template":"","format":"standard","meta":{"_bbp_topic_count":0,"_bbp_reply_count":0,"_bbp_total_topic_count":0,"_bbp_total_reply_count":0,"_bbp_voice_count":0,"_bbp_anonymous_reply_count":0,"_bbp_topic_count_hidden":0,"_bbp_reply_count_hidden":0,"_bbp_forum_subforum_count":0,"footnotes":""},"categories":[349,1],"tags":[523],"class_list":["post-10668","post","type-post","status-publish","format-standard","hentry","category-5e","category-general","tag-redactoriredactoradelblog"],"post_mailing_queue_ids":[],"_links":{"self":[{"href":"https:\/\/agora.xtec.cat\/esc-teresabergada\/wp-json\/wp\/v2\/posts\/10668","targetHints":{"allow":["GET"]}}],"collection":[{"href":"https:\/\/agora.xtec.cat\/esc-teresabergada\/wp-json\/wp\/v2\/posts"}],"about":[{"href":"https:\/\/agora.xtec.cat\/esc-teresabergada\/wp-json\/wp\/v2\/types\/post"}],"author":[{"embeddable":true,"href":"https:\/\/agora.xtec.cat\/esc-teresabergada\/wp-json\/wp\/v2\/users\/32"}],"replies":[{"embeddable":true,"href":"https:\/\/agora.xtec.cat\/esc-teresabergada\/wp-json\/wp\/v2\/comments?post=10668"}],"version-history":[{"count":3,"href":"https:\/\/agora.xtec.cat\/esc-teresabergada\/wp-json\/wp\/v2\/posts\/10668\/revisions"}],"predecessor-version":[{"id":10674,"href":"https:\/\/agora.xtec.cat\/esc-teresabergada\/wp-json\/wp\/v2\/posts\/10668\/revisions\/10674"}],"wp:attachment":[{"href":"https:\/\/agora.xtec.cat\/esc-teresabergada\/wp-json\/wp\/v2\/media?parent=10668"}],"wp:term":[{"taxonomy":"category","embeddable":true,"href":"https:\/\/agora.xtec.cat\/esc-teresabergada\/wp-json\/wp\/v2\/categories?post=10668"},{"taxonomy":"post_tag","embeddable":true,"href":"https:\/\/agora.xtec.cat\/esc-teresabergada\/wp-json\/wp\/v2\/tags?post=10668"}],"curies":[{"name":"wp","href":"https:\/\/api.w.org\/{rel}","templated":true}]}}