{"id":10641,"date":"2022-04-26T11:58:57","date_gmt":"2022-04-26T09:58:57","guid":{"rendered":"https:\/\/agora.xtec.cat\/esc-teresabergada\/?p=10641"},"modified":"2022-08-15T15:51:12","modified_gmt":"2022-08-15T13:51:12","slug":"10641","status":"publish","type":"post","link":"https:\/\/agora.xtec.cat\/esc-teresabergada\/general\/10641\/","title":{"rendered":"PREINSCRIPCI\u00d3 I MATR\u00cdCULA 2022-2023"},"content":{"rendered":"<p><img loading=\"lazy\" decoding=\"async\" class=\"aligncenter wp-image-10642 size-full\" src=\"https:\/\/agora.xtec.cat\/esc-teresabergada\/wp-content\/uploads\/usu1533\/2022\/04\/White-Yellow-Simple-Jazz-Music-Festival-Banner.jpg\" alt=\"\" width=\"1000\" height=\"250\" srcset=\"https:\/\/agora.xtec.cat\/esc-teresabergada\/wp-content\/uploads\/usu1533\/2022\/04\/White-Yellow-Simple-Jazz-Music-Festival-Banner.jpg 1000w, https:\/\/agora.xtec.cat\/esc-teresabergada\/wp-content\/uploads\/usu1533\/2022\/04\/White-Yellow-Simple-Jazz-Music-Festival-Banner-300x75.jpg 300w, https:\/\/agora.xtec.cat\/esc-teresabergada\/wp-content\/uploads\/usu1533\/2022\/04\/White-Yellow-Simple-Jazz-Music-Festival-Banner-768x192.jpg 768w\" sizes=\"auto, (max-width: 1000px) 100vw, 1000px\" \/><\/p>\n<h3><span style=\"color: #ff99cc;\"><strong>Calendari per a la preinscripci\u00f3 del curs 2022-2023<\/strong><\/span><\/h3>\n<div>\n<ul>\n<li>\n<ul>\n<li>Oferta inicial de places escolars: 4 de mar\u00e7 de 2022<\/li>\n<li><strong>\u200bEducaci\u00f3 infantil de segon cicle i educaci\u00f3 prim\u00e0ria<\/strong>: del 7 al 21 de mar\u00e7 de 2022<\/li>\n<li>Presentaci\u00f3 de documentaci\u00f3: 22 i 23 de mar\u00e7 2022<\/li>\n<li>Llista de sol\u00b7licituds amb la puntuaci\u00f3 provisional: 21 d\u2019abril de 2022<\/li>\n<li>Presentaci\u00f3 de reclamacions: del 22 al 28 d\u2019abril de 2022<\/li>\n<li>Llista de sol\u00b7licituds amb la puntuaci\u00f3 un cop resoltes les reclamacions: 3 de maig de 2022<\/li>\n<li>Sorteig per resoldre les sol\u00b7licituds de preinscripci\u00f3 empatades en punts: 9 de maig de 2022<\/li>\n<li>Llista ordenada definitiva: 11 de maig de 2022<\/li>\n<li>Ampliaci\u00f3 de petici\u00f3 de centres per a les sol\u00b7licituds que no han obtingut cap assignaci\u00f3 (assignaci\u00f3 d\u2019ofici): del 27 de maig a l\u20191 de juny de 2022<\/li>\n<li>Oferta final de places escolars: 9 de juny de 2022<\/li>\n<li>Llista d\u2019alumnes admesos i llista d\u2019espera: 10 de juny de 2022<\/li>\n<\/ul>\n<\/li>\n<\/ul>\n<ul>\n<li><strong>Per\u00edode de matriculaci\u00f3: del 21 al 29 de juny<\/strong><\/li>\n<\/ul>\n<p><a href=\"https:\/\/preinscripcio.gencat.cat\/web\/.content\/ajuda\/guia-preinscripcio.pdf\" target=\"_blank\" rel=\"noopener noreferrer\"><strong>Guia sobre la preinscripci\u00f3.<\/strong><\/a><\/p>\n<p>Enlla\u00e7 a la web de la\u00a0<strong><a href=\"https:\/\/preinscripcio.gencat.cat\/ca\/inici\/\" target=\"_blank\" rel=\"noopener\">Generalitat<\/a>\u00a0<\/strong>amb not\u00edcies referents al proc\u00e9s de\u00a0<strong>preinscripci\u00f3 i matr\u00edcula.<\/strong><\/p>\n<p>Per ajudar-te, el Departament d\u2019Educaci\u00f3, ha creat aquestes p\u00edndoles multim\u00e8dia, amb v\u00eddeos i podcasts que et serviran per aclarir dubtes en els moments clau del proc\u00e9s.<\/p>\n<p><iframe loading=\"lazy\" src=\"https:\/\/www.youtube.com\/embed\/5DvAVUSNLCQ\" width=\"300\" height=\"200\" data-mce-fragment=\"1\"><\/iframe>\u00a0\u00a0<iframe loading=\"lazy\" src=\"https:\/\/www.youtube.com\/embed\/NF__CTwHy3Y\" width=\"300\" height=\"200\" data-mce-fragment=\"1\"><\/iframe>\u00a0\u00a0<iframe loading=\"lazy\" src=\"https:\/\/www.youtube.com\/embed\/0kztL1IQD4c\" width=\"300\" height=\"200\" data-mce-fragment=\"1\"><\/iframe><\/p>\n<h3><span style=\"color: #ff99cc;\"><strong>Publicaci\u00f3 de l\u2019oferta inicial de places\u00a0<\/strong>a 04\/03\/2022<\/span><\/h3>\n<p>(Cal consultar l\u2019oferta final per veure si hi ha canvis \u2013 veure data de publicaci\u00f3 al calendari)<\/p>\n<p><strong>Educaci\u00f3 Infantil de segon cicle i Educaci\u00f3 Prim\u00e0ria 2022\/2023<\/strong><\/p>\n<p><a href=\"https:\/\/agora.xtec.cat\/esc-teresabergada\/wp-content\/uploads\/usu1533\/2022\/04\/oferta-places.jpg\"><img loading=\"lazy\" decoding=\"async\" class=\"wp-image-10644 alignnone\" src=\"https:\/\/agora.xtec.cat\/esc-teresabergada\/wp-content\/uploads\/usu1533\/2022\/04\/oferta-places.jpg\" sizes=\"auto, (max-width: 677px) 100vw, 677px\" srcset=\"https:\/\/agora.xtec.cat\/esc-teresabergada\/wp-content\/uploads\/usu1533\/2022\/04\/oferta-places.jpg 1047w, https:\/\/agora.xtec.cat\/esc-teresabergada\/wp-content\/uploads\/usu1533\/2022\/04\/oferta-places-300x149.jpg 300w, https:\/\/agora.xtec.cat\/esc-teresabergada\/wp-content\/uploads\/usu1533\/2022\/04\/oferta-places-1024x509.jpg 1024w, https:\/\/agora.xtec.cat\/esc-teresabergada\/wp-content\/uploads\/usu1533\/2022\/04\/oferta-places-768x381.jpg 768w\" alt=\"\" width=\"677\" height=\"336\" \/><\/a><\/p>\n<\/div>\n<h3><span style=\"color: #ff99cc;\"><strong>Llista de sol\u00b7licituds en primera petici\u00f3 amb la puntuaci\u00f3 provisional a 21\/04\/2022<\/strong><\/span><\/h3>\n<p><a href=\"https:\/\/agora.xtec.cat\/esc-teresabergada\/wp-content\/uploads\/usu1533\/2022\/04\/Llista-de-sollicituds-que-han-demanat-el-centre-i-lensenyament-en-primera-peticio-amb-la-puntuacio-provisional-..pdf\">Llista de sol\u00b7licituds que han demanat el centre i l\u2019ensenyament en primera petici\u00f3 amb la puntuaci\u00f3 provisional .<\/a><\/p>\n<p><a href=\"https:\/\/agora.xtec.cat\/esc-teresabergada\/wp-content\/uploads\/usu1533\/2022\/04\/Publicacio-de-la-lista-amb-la-puntuacio-resoltes-les-reclamacions.pdf\">Llista de sol\u00b7licituds que han demanat el centre i l&#8217;ensenyament en primera petici\u00f3 amb la puntuaci\u00f3, resoltes les reclamacions.<\/a><\/p>\n<h3><span style=\"color: #ff99cc;\"><strong>Llista d&#8217;alumnats assignats al centre a 10\/06\/2022<\/strong><\/span><\/h3>\n<p><a href=\"https:\/\/drive.google.com\/file\/d\/1UkVU5dlxeWqIytE-3XGPCugY2LVvtGpU\/view\">Alumnes assignats al centre amb indicaci\u00f3 de la primera pet<\/a><a href=\"https:\/\/drive.google.com\/file\/d\/1UkVU5dlxeWqIytE-3XGPCugY2LVvtGpU\/view\">ici\u00f3<\/a><\/p>\n","protected":false},"excerpt":{"rendered":"<p>Calendari per a la preinscripci\u00f3 del curs 2022-2023<\/p>\n<ul>\n<li>\n<ul>\n<li>Oferta inicial de places escolars: 4 de mar\u00e7 de 2022<\/li>\n<li>\u200bEducaci\u00f3 infantil de segon cicle i educaci\u00f3 prim\u00e0ria: del 7 al 21 de mar\u00e7 de 2022<\/li>\n<li>Presentaci\u00f3 de documentaci\u00f3: 22 i 23 de mar\u00e7 2022<\/li>\n<li>Llista de sol\u00b7licituds amb la puntuaci\u00f3&hellip;  <a href=\"https:\/\/agora.xtec.cat\/esc-teresabergada\/general\/10641\/\" title=\"Read PREINSCRIPCI\u00d3 I MATR\u00cdCULA 2022-2023\">Llegeix m\u00e9s\u00bb<\/a><br \/>\n","protected":false},"author":1,"featured_media":10642,"comment_status":"open","ping_status":"closed","sticky":false,"template":"","format":"standard","meta":{"_bbp_topic_count":0,"_bbp_reply_count":0,"_bbp_total_topic_count":0,"_bbp_total_reply_count":0,"_bbp_voice_count":0,"_bbp_anonymous_reply_count":0,"_bbp_topic_count_hidden":0,"_bbp_reply_count_hidden":0,"_bbp_forum_subforum_count":0,"footnotes":""},"categories":[1,4],"tags":[],"class_list":["post-10641","post","type-post","status-publish","format-standard","has-post-thumbnail","hentry","category-general","category-portada"],"post_mailing_queue_ids":[],"_links":{"self":[{"href":"https:\/\/agora.xtec.cat\/esc-teresabergada\/wp-json\/wp\/v2\/posts\/10641","targetHints":{"allow":["GET"]}}],"collection":[{"href":"https:\/\/agora.xtec.cat\/esc-teresabergada\/wp-json\/wp\/v2\/posts"}],"about":[{"href":"https:\/\/agora.xtec.cat\/esc-teresabergada\/wp-json\/wp\/v2\/types\/post"}],"author":[{"embeddable":true,"href":"https:\/\/agora.xtec.cat\/esc-teresabergada\/wp-json\/wp\/v2\/users\/1"}],"replies":[{"embeddable":true,"href":"https:\/\/agora.xtec.cat\/esc-teresabergada\/wp-json\/wp\/v2\/comments?post=10641"}],"version-history":[{"count":3,"href":"https:\/\/agora.xtec.cat\/esc-teresabergada\/wp-json\/wp\/v2\/posts\/10641\/revisions"}],"predecessor-version":[{"id":10814,"href":"https:\/\/agora.xtec.cat\/esc-teresabergada\/wp-json\/wp\/v2\/posts\/10641\/revisions\/10814"}],"wp:featuredmedia":[{"embeddable":true,"href":"https:\/\/agora.xtec.cat\/esc-teresabergada\/wp-json\/wp\/v2\/media\/10642"}],"wp:attachment":[{"href":"https:\/\/agora.xtec.cat\/esc-teresabergada\/wp-json\/wp\/v2\/media?parent=10641"}],"wp:term":[{"taxonomy":"category","embeddable":true,"href":"https:\/\/agora.xtec.cat\/esc-teresabergada\/wp-json\/wp\/v2\/categories?post=10641"},{"taxonomy":"post_tag","embeddable":true,"href":"https:\/\/agora.xtec.cat\/esc-teresabergada\/wp-json\/wp\/v2\/tags?post=10641"}],"curies":[{"name":"wp","href":"https:\/\/api.w.org\/{rel}","templated":true}]}}