{"id":10600,"date":"2022-04-14T20:36:01","date_gmt":"2022-04-14T18:36:01","guid":{"rendered":"https:\/\/agora.xtec.cat\/esc-teresabergada\/?p=10600"},"modified":"2022-04-15T09:19:29","modified_gmt":"2022-04-15T07:19:29","slug":"la-mona-22","status":"publish","type":"post","link":"https:\/\/agora.xtec.cat\/esc-teresabergada\/infantil\/i4\/la-mona-22\/","title":{"rendered":"LA MONA &#8217;22"},"content":{"rendered":"<p><a href=\"https:\/\/agora.xtec.cat\/esc-teresabergada\/wp-content\/uploads\/usu1533\/2022\/04\/P3-1.jpg\"><img loading=\"lazy\" decoding=\"async\" class=\"wp-image-10607 aligncenter\" src=\"https:\/\/agora.xtec.cat\/esc-teresabergada\/wp-content\/uploads\/usu1533\/2022\/04\/P3-1-1024x565.jpg\" alt=\"\" width=\"416\" height=\"230\" srcset=\"https:\/\/agora.xtec.cat\/esc-teresabergada\/wp-content\/uploads\/usu1533\/2022\/04\/P3-1-1024x565.jpg 1024w, https:\/\/agora.xtec.cat\/esc-teresabergada\/wp-content\/uploads\/usu1533\/2022\/04\/P3-1-300x165.jpg 300w, https:\/\/agora.xtec.cat\/esc-teresabergada\/wp-content\/uploads\/usu1533\/2022\/04\/P3-1-768x424.jpg 768w, https:\/\/agora.xtec.cat\/esc-teresabergada\/wp-content\/uploads\/usu1533\/2022\/04\/P3-1.jpg 1474w\" sizes=\"auto, (max-width: 416px) 100vw, 416px\" \/><\/a><\/p>\n<p>Una any m\u00e9s, hem volgut celebrar la Mona a l&#8217;escola. L&#8217;\u00c0ngels ens ha tornat a fer els pans de pessic, la qual cosa ens fa molt feli\u00e7os. De passada, ens ha fet una visita i els nens de P5 han pogut gaudir una estoneta d&#8217;aquest moments especials.<\/p>\n<p>Hem elaborat la mona amb la recepta de melmelada, crema de xocolata, ametlla crocant, fideuets de colors i ouets de xocolata. Ens l&#8217;hem menjada per esmorzar i despr\u00e9s del pati hem fet diferents jocs per nivell, per trobar\u00a0 ous de xocolata, en globus o com a tresor amagat.<\/p>\n<p>Cliqueu a cada curs per veure les fotos.<\/p>\n<p style=\"text-align: center\"><a href=\"https:\/\/photos.app.goo.gl\/eKzbWo5VCwCPE7Ln8\"><img loading=\"lazy\" decoding=\"async\" class=\"alignnone wp-image-10602\" src=\"https:\/\/agora.xtec.cat\/esc-teresabergada\/wp-content\/uploads\/usu1533\/2022\/04\/2-1024x819.jpg\" alt=\"\" width=\"140\" height=\"112\" srcset=\"https:\/\/agora.xtec.cat\/esc-teresabergada\/wp-content\/uploads\/usu1533\/2022\/04\/2-1024x819.jpg 1024w, https:\/\/agora.xtec.cat\/esc-teresabergada\/wp-content\/uploads\/usu1533\/2022\/04\/2-300x240.jpg 300w, https:\/\/agora.xtec.cat\/esc-teresabergada\/wp-content\/uploads\/usu1533\/2022\/04\/2-768x614.jpg 768w, https:\/\/agora.xtec.cat\/esc-teresabergada\/wp-content\/uploads\/usu1533\/2022\/04\/2-1536x1229.jpg 1536w, https:\/\/agora.xtec.cat\/esc-teresabergada\/wp-content\/uploads\/usu1533\/2022\/04\/2.jpg 2000w\" sizes=\"auto, (max-width: 140px) 100vw, 140px\" \/><\/a><a href=\"https:\/\/photos.app.goo.gl\/nm4AnxMjS7tEgZ6u8\"><img loading=\"lazy\" decoding=\"async\" class=\"wp-image-10603 alignnone\" src=\"https:\/\/agora.xtec.cat\/esc-teresabergada\/wp-content\/uploads\/usu1533\/2022\/04\/3-1024x819.jpg\" alt=\"\" width=\"138\" height=\"110\" srcset=\"https:\/\/agora.xtec.cat\/esc-teresabergada\/wp-content\/uploads\/usu1533\/2022\/04\/3-1024x819.jpg 1024w, https:\/\/agora.xtec.cat\/esc-teresabergada\/wp-content\/uploads\/usu1533\/2022\/04\/3-300x240.jpg 300w, https:\/\/agora.xtec.cat\/esc-teresabergada\/wp-content\/uploads\/usu1533\/2022\/04\/3-768x614.jpg 768w, https:\/\/agora.xtec.cat\/esc-teresabergada\/wp-content\/uploads\/usu1533\/2022\/04\/3-1536x1229.jpg 1536w, https:\/\/agora.xtec.cat\/esc-teresabergada\/wp-content\/uploads\/usu1533\/2022\/04\/3.jpg 2000w\" sizes=\"auto, (max-width: 138px) 100vw, 138px\" \/><\/a> <a href=\"https:\/\/photos.app.goo.gl\/DpNKhtJrULGQFdhCA\"><img loading=\"lazy\" decoding=\"async\" class=\"alignnone wp-image-10604\" src=\"https:\/\/agora.xtec.cat\/esc-teresabergada\/wp-content\/uploads\/usu1533\/2022\/04\/4-1024x819.jpg\" alt=\"\" width=\"138\" height=\"111\" srcset=\"https:\/\/agora.xtec.cat\/esc-teresabergada\/wp-content\/uploads\/usu1533\/2022\/04\/4-1024x819.jpg 1024w, https:\/\/agora.xtec.cat\/esc-teresabergada\/wp-content\/uploads\/usu1533\/2022\/04\/4-300x240.jpg 300w, https:\/\/agora.xtec.cat\/esc-teresabergada\/wp-content\/uploads\/usu1533\/2022\/04\/4-768x614.jpg 768w, https:\/\/agora.xtec.cat\/esc-teresabergada\/wp-content\/uploads\/usu1533\/2022\/04\/4-1536x1229.jpg 1536w, https:\/\/agora.xtec.cat\/esc-teresabergada\/wp-content\/uploads\/usu1533\/2022\/04\/4.jpg 2000w\" sizes=\"auto, (max-width: 138px) 100vw, 138px\" \/><\/a><\/p>\n","protected":false},"excerpt":{"rendered":"<p><a href=\"https:\/\/agora.xtec.cat\/esc-teresabergada\/wp-content\/uploads\/usu1533\/2022\/04\/P3-1.jpg\"><\/a><br \/>\nUna any m\u00e9s, hem volgut celebrar la Mona a l&#8217;escola. L&#8217;\u00c0ngels ens ha tornat a fer els pans de pessic, la qual cosa ens fa molt feli\u00e7os. De passada, ens ha fet una visita i els nens de P5 han pogut gaudir una estoneta&hellip;  <a href=\"https:\/\/agora.xtec.cat\/esc-teresabergada\/infantil\/i4\/la-mona-22\/\" title=\"Read LA MONA &#8217;22\">Llegeix m\u00e9s\u00bb<\/a><\/p>\n","protected":false},"author":12,"featured_media":10607,"comment_status":"open","ping_status":"closed","sticky":false,"template":"","format":"standard","meta":{"_bbp_topic_count":0,"_bbp_reply_count":0,"_bbp_total_topic_count":0,"_bbp_total_reply_count":0,"_bbp_voice_count":0,"_bbp_anonymous_reply_count":0,"_bbp_topic_count_hidden":0,"_bbp_reply_count_hidden":0,"_bbp_forum_subforum_count":0,"footnotes":""},"categories":[515,236,251],"tags":[121,560],"class_list":["post-10600","post","type-post","status-publish","format-standard","has-post-thumbnail","hentry","category-i3","category-i4","category-i5","tag-educacio-infantil","tag-la-mona"],"post_mailing_queue_ids":[],"_links":{"self":[{"href":"https:\/\/agora.xtec.cat\/esc-teresabergada\/wp-json\/wp\/v2\/posts\/10600","targetHints":{"allow":["GET"]}}],"collection":[{"href":"https:\/\/agora.xtec.cat\/esc-teresabergada\/wp-json\/wp\/v2\/posts"}],"about":[{"href":"https:\/\/agora.xtec.cat\/esc-teresabergada\/wp-json\/wp\/v2\/types\/post"}],"author":[{"embeddable":true,"href":"https:\/\/agora.xtec.cat\/esc-teresabergada\/wp-json\/wp\/v2\/users\/12"}],"replies":[{"embeddable":true,"href":"https:\/\/agora.xtec.cat\/esc-teresabergada\/wp-json\/wp\/v2\/comments?post=10600"}],"version-history":[{"count":3,"href":"https:\/\/agora.xtec.cat\/esc-teresabergada\/wp-json\/wp\/v2\/posts\/10600\/revisions"}],"predecessor-version":[{"id":10612,"href":"https:\/\/agora.xtec.cat\/esc-teresabergada\/wp-json\/wp\/v2\/posts\/10600\/revisions\/10612"}],"wp:featuredmedia":[{"embeddable":true,"href":"https:\/\/agora.xtec.cat\/esc-teresabergada\/wp-json\/wp\/v2\/media\/10607"}],"wp:attachment":[{"href":"https:\/\/agora.xtec.cat\/esc-teresabergada\/wp-json\/wp\/v2\/media?parent=10600"}],"wp:term":[{"taxonomy":"category","embeddable":true,"href":"https:\/\/agora.xtec.cat\/esc-teresabergada\/wp-json\/wp\/v2\/categories?post=10600"},{"taxonomy":"post_tag","embeddable":true,"href":"https:\/\/agora.xtec.cat\/esc-teresabergada\/wp-json\/wp\/v2\/tags?post=10600"}],"curies":[{"name":"wp","href":"https:\/\/api.w.org\/{rel}","templated":true}]}}