{"id":10589,"date":"2022-04-06T12:33:03","date_gmt":"2022-04-06T10:33:03","guid":{"rendered":"https:\/\/agora.xtec.cat\/esc-teresabergada\/?p=10589"},"modified":"2022-07-11T11:01:46","modified_gmt":"2022-07-11T09:01:46","slug":"el-projecte-dart","status":"publish","type":"post","link":"https:\/\/agora.xtec.cat\/esc-teresabergada\/blocs-de-primaria\/5e\/el-projecte-dart\/","title":{"rendered":"EL PROJECTE D&#8217;ART"},"content":{"rendered":"<p style=\"text-align: justify\">El dia 25 de mar\u00e7 de 2022, a la nostra classe, vam comen\u00e7ar el projecte d&#8217;art. Primer de tot vam fer diferents equips, i vam sortejar els pa\u00efsos de la Uni\u00f3 Europea. Aquest taller consistia a crear un logo del pa\u00eds que ens havia tocat.<\/p>\n<p style=\"text-align: justify\">Als logos quasi tothom hi va posar coses t\u00edpiques del seu pa\u00eds. Per fer la creaci\u00f3, vam utilitzar un joc de Lego modificat. Per comen\u00e7ar vam dissenyar el logo en un paper, el qual vam recrear a la plantilla de Lego. A continuaci\u00f3 vam ficar pintura, un foli, i el vam ficar a la m\u00e0quina de premsar. Una vegada tret el paper de la premsadora el vam deixar assecar. Ja tenim el nostre logo acabat!<\/p>\n<p style=\"text-align: justify\"><img loading=\"lazy\" decoding=\"async\" class=\"alignnone size-large wp-image-10590\" src=\"https:\/\/agora.xtec.cat\/esc-teresabergada\/wp-content\/uploads\/usu1533\/2022\/04\/51190D26-94C9-4DF9-948E-87FFDA38DC88-768x1024.jpeg\" alt=\"\" width=\"768\" height=\"1024\" srcset=\"https:\/\/agora.xtec.cat\/esc-teresabergada\/wp-content\/uploads\/usu1533\/2022\/04\/51190D26-94C9-4DF9-948E-87FFDA38DC88-768x1024.jpeg 768w, https:\/\/agora.xtec.cat\/esc-teresabergada\/wp-content\/uploads\/usu1533\/2022\/04\/51190D26-94C9-4DF9-948E-87FFDA38DC88-225x300.jpeg 225w, https:\/\/agora.xtec.cat\/esc-teresabergada\/wp-content\/uploads\/usu1533\/2022\/04\/51190D26-94C9-4DF9-948E-87FFDA38DC88-1152x1536.jpeg 1152w, https:\/\/agora.xtec.cat\/esc-teresabergada\/wp-content\/uploads\/usu1533\/2022\/04\/51190D26-94C9-4DF9-948E-87FFDA38DC88-1536x2048.jpeg 1536w, https:\/\/agora.xtec.cat\/esc-teresabergada\/wp-content\/uploads\/usu1533\/2022\/04\/51190D26-94C9-4DF9-948E-87FFDA38DC88-scaled.jpeg 1920w\" sizes=\"auto, (max-width: 768px) 100vw, 768px\" \/><img loading=\"lazy\" decoding=\"async\" class=\"alignnone size-large wp-image-10591\" src=\"https:\/\/agora.xtec.cat\/esc-teresabergada\/wp-content\/uploads\/usu1533\/2022\/04\/8C1BED2B-F671-4B2A-ABA9-517831B6B617-768x1024.jpeg\" alt=\"\" width=\"768\" height=\"1024\" srcset=\"https:\/\/agora.xtec.cat\/esc-teresabergada\/wp-content\/uploads\/usu1533\/2022\/04\/8C1BED2B-F671-4B2A-ABA9-517831B6B617-768x1024.jpeg 768w, https:\/\/agora.xtec.cat\/esc-teresabergada\/wp-content\/uploads\/usu1533\/2022\/04\/8C1BED2B-F671-4B2A-ABA9-517831B6B617-225x300.jpeg 225w, https:\/\/agora.xtec.cat\/esc-teresabergada\/wp-content\/uploads\/usu1533\/2022\/04\/8C1BED2B-F671-4B2A-ABA9-517831B6B617-1152x1536.jpeg 1152w, https:\/\/agora.xtec.cat\/esc-teresabergada\/wp-content\/uploads\/usu1533\/2022\/04\/8C1BED2B-F671-4B2A-ABA9-517831B6B617-1536x2048.jpeg 1536w, https:\/\/agora.xtec.cat\/esc-teresabergada\/wp-content\/uploads\/usu1533\/2022\/04\/8C1BED2B-F671-4B2A-ABA9-517831B6B617-scaled.jpeg 1920w\" sizes=\"auto, (max-width: 768px) 100vw, 768px\" \/><\/p>\n<p>Edgar Garcia i Niene Cisse<\/p>\n","protected":false},"excerpt":{"rendered":"<p>El dia 25 de mar\u00e7 de 2022, a la nostra classe, vam comen\u00e7ar el projecte d&#8217;art. Primer de tot vam fer diferents equips, i vam sortejar els pa\u00efsos de la Uni\u00f3 Europea. Aquest taller consistia a crear un logo del pa\u00eds que ens havia tocat.<br \/>\nAls&hellip;  <a href=\"https:\/\/agora.xtec.cat\/esc-teresabergada\/blocs-de-primaria\/5e\/el-projecte-dart\/\" title=\"Read EL PROJECTE D&#8217;ART\">Llegeix m\u00e9s\u00bb<\/a><\/p>\n","protected":false},"author":1,"featured_media":0,"comment_status":"open","ping_status":"closed","sticky":false,"template":"","format":"standard","meta":{"_bbp_topic_count":0,"_bbp_reply_count":0,"_bbp_total_topic_count":0,"_bbp_total_reply_count":0,"_bbp_voice_count":0,"_bbp_anonymous_reply_count":0,"_bbp_topic_count_hidden":0,"_bbp_reply_count_hidden":0,"_bbp_forum_subforum_count":0,"footnotes":""},"categories":[349],"tags":[523],"class_list":["post-10589","post","type-post","status-publish","format-standard","hentry","category-5e","tag-redactoriredactoradelblog"],"post_mailing_queue_ids":[],"_links":{"self":[{"href":"https:\/\/agora.xtec.cat\/esc-teresabergada\/wp-json\/wp\/v2\/posts\/10589","targetHints":{"allow":["GET"]}}],"collection":[{"href":"https:\/\/agora.xtec.cat\/esc-teresabergada\/wp-json\/wp\/v2\/posts"}],"about":[{"href":"https:\/\/agora.xtec.cat\/esc-teresabergada\/wp-json\/wp\/v2\/types\/post"}],"author":[{"embeddable":true,"href":"https:\/\/agora.xtec.cat\/esc-teresabergada\/wp-json\/wp\/v2\/users\/1"}],"replies":[{"embeddable":true,"href":"https:\/\/agora.xtec.cat\/esc-teresabergada\/wp-json\/wp\/v2\/comments?post=10589"}],"version-history":[{"count":3,"href":"https:\/\/agora.xtec.cat\/esc-teresabergada\/wp-json\/wp\/v2\/posts\/10589\/revisions"}],"predecessor-version":[{"id":10595,"href":"https:\/\/agora.xtec.cat\/esc-teresabergada\/wp-json\/wp\/v2\/posts\/10589\/revisions\/10595"}],"wp:attachment":[{"href":"https:\/\/agora.xtec.cat\/esc-teresabergada\/wp-json\/wp\/v2\/media?parent=10589"}],"wp:term":[{"taxonomy":"category","embeddable":true,"href":"https:\/\/agora.xtec.cat\/esc-teresabergada\/wp-json\/wp\/v2\/categories?post=10589"},{"taxonomy":"post_tag","embeddable":true,"href":"https:\/\/agora.xtec.cat\/esc-teresabergada\/wp-json\/wp\/v2\/tags?post=10589"}],"curies":[{"name":"wp","href":"https:\/\/api.w.org\/{rel}","templated":true}]}}