{"id":10582,"date":"2022-04-01T12:12:07","date_gmt":"2022-04-01T10:12:07","guid":{"rendered":"https:\/\/agora.xtec.cat\/esc-teresabergada\/?p=10582"},"modified":"2022-07-11T11:32:19","modified_gmt":"2022-07-11T09:32:19","slug":"taller-dart-els-paisos","status":"publish","type":"post","link":"https:\/\/agora.xtec.cat\/esc-teresabergada\/blocs-de-primaria\/6e\/taller-dart-els-paisos\/","title":{"rendered":"TALLER D&#8217;ART: ELS PA\u00cfSOS"},"content":{"rendered":"<p style=\"text-align: justify;\">Fa dos setmanes vam comen\u00e7ar de nou el tallers d&#8217;art a cicle superior.<\/p>\n<p style=\"text-align: justify;\">A la nostra classe vam haver de triar un pa\u00eds de la Uni\u00f3 Europea, en parella o en grups de tres. Vam buscar informaci\u00f3 i imatges del pa\u00eds per saber una mica m\u00e9s. Despr\u00e9s vam haver de fer un t\u00edtol i dibuixar les banderes dels pa\u00efsos. Finalment, vam haver de cosir el nom del pa\u00eds en una xarxa, amb fils <em>scooby doo.<\/em><\/p>\n<p><img loading=\"lazy\" decoding=\"async\" class=\"alignnone wp-image-10584\" src=\"https:\/\/agora.xtec.cat\/esc-teresabergada\/wp-content\/uploads\/usu1533\/2022\/04\/1648807274884-1024x768.jpg\" alt=\"\" width=\"506\" height=\"380\" srcset=\"https:\/\/agora.xtec.cat\/esc-teresabergada\/wp-content\/uploads\/usu1533\/2022\/04\/1648807274884-1024x768.jpg 1024w, https:\/\/agora.xtec.cat\/esc-teresabergada\/wp-content\/uploads\/usu1533\/2022\/04\/1648807274884-300x225.jpg 300w, https:\/\/agora.xtec.cat\/esc-teresabergada\/wp-content\/uploads\/usu1533\/2022\/04\/1648807274884-768x576.jpg 768w, https:\/\/agora.xtec.cat\/esc-teresabergada\/wp-content\/uploads\/usu1533\/2022\/04\/1648807274884-1536x1152.jpg 1536w, https:\/\/agora.xtec.cat\/esc-teresabergada\/wp-content\/uploads\/usu1533\/2022\/04\/1648807274884-200x150.jpg 200w, https:\/\/agora.xtec.cat\/esc-teresabergada\/wp-content\/uploads\/usu1533\/2022\/04\/1648807274884.jpg 1600w\" sizes=\"auto, (max-width: 506px) 100vw, 506px\" \/><\/p>\n<p style=\"text-align: justify;\">\u00c9s una feina dif\u00edcil, que costa una mica, encara no l&#8217;hem acabat per\u00f2 quedar\u00e0 molt b\u00e9!<\/p>\n<p>Danny Josu\u00e8 Linarte Gomez<\/p>\n","protected":false},"excerpt":{"rendered":"<p>Fa dos setmanes vam comen\u00e7ar de nou el tallers d&#8217;art a cicle superior.<br \/>\nA la nostra classe vam haver de triar un pa\u00eds de la Uni\u00f3 Europea, en parella o en grups de tres. Vam buscar informaci\u00f3 i imatges del pa\u00eds per saber una mica m\u00e9s.&hellip;  <a href=\"https:\/\/agora.xtec.cat\/esc-teresabergada\/blocs-de-primaria\/6e\/taller-dart-els-paisos\/\" title=\"Read TALLER D&#8217;ART: ELS PA\u00cfSOS\">Llegeix m\u00e9s\u00bb<\/a><\/p>\n","protected":false},"author":28,"featured_media":10583,"comment_status":"open","ping_status":"closed","sticky":false,"template":"","format":"standard","meta":{"_bbp_topic_count":0,"_bbp_reply_count":0,"_bbp_total_topic_count":0,"_bbp_total_reply_count":0,"_bbp_voice_count":0,"_bbp_anonymous_reply_count":0,"_bbp_topic_count_hidden":0,"_bbp_reply_count_hidden":0,"_bbp_forum_subforum_count":0,"footnotes":""},"categories":[240],"tags":[],"class_list":["post-10582","post","type-post","status-publish","format-standard","has-post-thumbnail","hentry","category-6e"],"post_mailing_queue_ids":[],"_links":{"self":[{"href":"https:\/\/agora.xtec.cat\/esc-teresabergada\/wp-json\/wp\/v2\/posts\/10582","targetHints":{"allow":["GET"]}}],"collection":[{"href":"https:\/\/agora.xtec.cat\/esc-teresabergada\/wp-json\/wp\/v2\/posts"}],"about":[{"href":"https:\/\/agora.xtec.cat\/esc-teresabergada\/wp-json\/wp\/v2\/types\/post"}],"author":[{"embeddable":true,"href":"https:\/\/agora.xtec.cat\/esc-teresabergada\/wp-json\/wp\/v2\/users\/28"}],"replies":[{"embeddable":true,"href":"https:\/\/agora.xtec.cat\/esc-teresabergada\/wp-json\/wp\/v2\/comments?post=10582"}],"version-history":[{"count":2,"href":"https:\/\/agora.xtec.cat\/esc-teresabergada\/wp-json\/wp\/v2\/posts\/10582\/revisions"}],"predecessor-version":[{"id":10902,"href":"https:\/\/agora.xtec.cat\/esc-teresabergada\/wp-json\/wp\/v2\/posts\/10582\/revisions\/10902"}],"wp:featuredmedia":[{"embeddable":true,"href":"https:\/\/agora.xtec.cat\/esc-teresabergada\/wp-json\/wp\/v2\/media\/10583"}],"wp:attachment":[{"href":"https:\/\/agora.xtec.cat\/esc-teresabergada\/wp-json\/wp\/v2\/media?parent=10582"}],"wp:term":[{"taxonomy":"category","embeddable":true,"href":"https:\/\/agora.xtec.cat\/esc-teresabergada\/wp-json\/wp\/v2\/categories?post=10582"},{"taxonomy":"post_tag","embeddable":true,"href":"https:\/\/agora.xtec.cat\/esc-teresabergada\/wp-json\/wp\/v2\/tags?post=10582"}],"curies":[{"name":"wp","href":"https:\/\/api.w.org\/{rel}","templated":true}]}}