{"id":10575,"date":"2022-04-01T09:44:56","date_gmt":"2022-04-01T07:44:56","guid":{"rendered":"https:\/\/agora.xtec.cat\/esc-teresabergada\/?p=10575"},"modified":"2022-04-01T09:48:23","modified_gmt":"2022-04-01T07:48:23","slug":"el-projecte","status":"publish","type":"post","link":"https:\/\/agora.xtec.cat\/esc-teresabergada\/general\/el-projecte\/","title":{"rendered":"EL PROJECTE"},"content":{"rendered":"<p style=\"text-align: justify\">Aquest segon trimestre la senyoreta Ares ens ha dit que farem el projecte de La Terra .<\/p>\n<p style=\"text-align: justify\">Per comen\u00e7ar hem decorat la tapa de la llibreta, despr\u00e9s l&#8217;hem plastificada, tamb\u00e9 hem deixat dos fulls per a l&#8217;\u00edndex. Seguidament hem fet la reflexi\u00f3 on hem hagut\u00a0 d&#8217;escriure\u00a0 el que volem\u00a0 saber de La Terra i el que vam fer al camp d&#8217;aprenentatge de la Garrotxa.<\/p>\n<p style=\"text-align: justify\">A una altra sessi\u00f3 de medi hem mirat un v\u00eddeo titulat <strong><em>Gaia, la gran mar<\/em><em>e<\/em><\/strong>\u00a0 que dura 40 minuts i surt tota la nformaci\u00f3 del Big Bang i com es van crear els planetes. Aquesta setmana estem estudiant les capes de La Terra.<\/p>\n<p style=\"text-align: justify\">Crec que per ara \u00e9s el millor projecte que he fet aquest curs.<\/p>\n<p><img loading=\"lazy\" decoding=\"async\" class=\"aligncenter wp-image-10578\" src=\"https:\/\/agora.xtec.cat\/esc-teresabergada\/wp-content\/uploads\/usu1533\/2022\/04\/IMG_3531-300x206.jpg\" alt=\"\" width=\"382\" height=\"262\" srcset=\"https:\/\/agora.xtec.cat\/esc-teresabergada\/wp-content\/uploads\/usu1533\/2022\/04\/IMG_3531-300x206.jpg 300w, https:\/\/agora.xtec.cat\/esc-teresabergada\/wp-content\/uploads\/usu1533\/2022\/04\/IMG_3531.jpg 640w\" sizes=\"auto, (max-width: 382px) 100vw, 382px\" \/><\/p>\n<p style=\"text-align: justify\">Noemi Perez Gonzalez<\/p>\n<p>&nbsp;<\/p>\n<p>&nbsp;<\/p>\n","protected":false},"excerpt":{"rendered":"<p>Aquest segon trimestre la senyoreta Ares ens ha dit que farem el projecte de La Terra .<br \/>\nPer comen\u00e7ar hem decorat la tapa de la llibreta, despr\u00e9s l&#8217;hem plastificada, tamb\u00e9 hem deixat dos fulls per a l&#8217;\u00edndex. Seguidament hem fet la reflexi\u00f3 on hem hagut\u00a0 d&#8217;escriure\u00a0&hellip;  <a href=\"https:\/\/agora.xtec.cat\/esc-teresabergada\/general\/el-projecte\/\" title=\"Read EL PROJECTE\">Llegeix m\u00e9s\u00bb<\/a><\/p>\n","protected":false},"author":32,"featured_media":10578,"comment_status":"open","ping_status":"closed","sticky":false,"template":"","format":"standard","meta":{"_bbp_topic_count":0,"_bbp_reply_count":0,"_bbp_total_topic_count":0,"_bbp_total_reply_count":0,"_bbp_voice_count":0,"_bbp_anonymous_reply_count":0,"_bbp_topic_count_hidden":0,"_bbp_reply_count_hidden":0,"_bbp_forum_subforum_count":0,"footnotes":""},"categories":[349,1],"tags":[523],"class_list":["post-10575","post","type-post","status-publish","format-standard","has-post-thumbnail","hentry","category-5e","category-general","tag-redactoriredactoradelblog"],"post_mailing_queue_ids":[],"_links":{"self":[{"href":"https:\/\/agora.xtec.cat\/esc-teresabergada\/wp-json\/wp\/v2\/posts\/10575","targetHints":{"allow":["GET"]}}],"collection":[{"href":"https:\/\/agora.xtec.cat\/esc-teresabergada\/wp-json\/wp\/v2\/posts"}],"about":[{"href":"https:\/\/agora.xtec.cat\/esc-teresabergada\/wp-json\/wp\/v2\/types\/post"}],"author":[{"embeddable":true,"href":"https:\/\/agora.xtec.cat\/esc-teresabergada\/wp-json\/wp\/v2\/users\/32"}],"replies":[{"embeddable":true,"href":"https:\/\/agora.xtec.cat\/esc-teresabergada\/wp-json\/wp\/v2\/comments?post=10575"}],"version-history":[{"count":3,"href":"https:\/\/agora.xtec.cat\/esc-teresabergada\/wp-json\/wp\/v2\/posts\/10575\/revisions"}],"predecessor-version":[{"id":10581,"href":"https:\/\/agora.xtec.cat\/esc-teresabergada\/wp-json\/wp\/v2\/posts\/10575\/revisions\/10581"}],"wp:featuredmedia":[{"embeddable":true,"href":"https:\/\/agora.xtec.cat\/esc-teresabergada\/wp-json\/wp\/v2\/media\/10578"}],"wp:attachment":[{"href":"https:\/\/agora.xtec.cat\/esc-teresabergada\/wp-json\/wp\/v2\/media?parent=10575"}],"wp:term":[{"taxonomy":"category","embeddable":true,"href":"https:\/\/agora.xtec.cat\/esc-teresabergada\/wp-json\/wp\/v2\/categories?post=10575"},{"taxonomy":"post_tag","embeddable":true,"href":"https:\/\/agora.xtec.cat\/esc-teresabergada\/wp-json\/wp\/v2\/tags?post=10575"}],"curies":[{"name":"wp","href":"https:\/\/api.w.org\/{rel}","templated":true}]}}