{"id":10563,"date":"2022-03-25T09:59:17","date_gmt":"2022-03-25T08:59:17","guid":{"rendered":"https:\/\/agora.xtec.cat\/esc-teresabergada\/?p=10563"},"modified":"2022-03-25T10:01:35","modified_gmt":"2022-03-25T09:01:35","slug":"colonies","status":"publish","type":"post","link":"https:\/\/agora.xtec.cat\/esc-teresabergada\/general\/colonies\/","title":{"rendered":"COL\u00d2NIES"},"content":{"rendered":"<p style=\"text-align: justify\">El passat 8 de mar\u00e7 del 2022 els i les alumnes de cicle superior(5\u00e8 i 6\u00e8) vam anar de col\u00f2nies a l`alberg Torre Malagrida d&#8217;Olot a la prov\u00edncia de Girona, durant 4 dies i 3 nits.<\/p>\n<p><img loading=\"lazy\" decoding=\"async\" class=\"aligncenter wp-image-10565 size-full\" src=\"https:\/\/agora.xtec.cat\/esc-teresabergada\/wp-content\/uploads\/usu1533\/2022\/03\/WhatsApp-Image-2022-03-08-at-10.49.04.jpeg\" alt=\"\" width=\"2000\" height=\"1500\" \/><\/p>\n<p style=\"text-align: justify\">Vam visitar el volc\u00e0 Montsacopa i al dia seg\u00fcent el Croscat, tota dos formen part de la Zona Volc\u00e0nica de la Garrotxa.<\/p>\n<p style=\"text-align: justify\">Les coses que m\u00e9s em van agradar van ser: menjar al restaurant Can Xel, veure d&#8217;aprop la Zona Volc\u00e0nica, compartir la dutxa amb els amics i explicar hist\u00f2ries de por per la nit. Va coincidir que els dies que est\u00e0vem all\u00ed era l&#8217;aniversari d&#8217;un amic que es diu Pau Rosell. Vam anar i tornar amb autob\u00fas.<\/p>\n<p style=\"text-align: justify\">ENS HO HEM PASSAT PIPA!!!<\/p>\n<p>Roberth David Dragota<\/p>\n","protected":false},"excerpt":{"rendered":"<p>El passat 8 de mar\u00e7 del 2022 els i les alumnes de cicle superior(5\u00e8 i 6\u00e8) vam anar de col\u00f2nies a l`alberg Torre Malagrida d&#8217;Olot a la prov\u00edncia de Girona, durant 4 dies i 3 nits.<\/p>\n<p>Vam visitar el volc\u00e0 Montsacopa i al dia seg\u00fcent el&hellip;  <a href=\"https:\/\/agora.xtec.cat\/esc-teresabergada\/general\/colonies\/\" title=\"Read COL\u00d2NIES\">Llegeix m\u00e9s\u00bb<\/a><\/p>\n","protected":false},"author":32,"featured_media":0,"comment_status":"open","ping_status":"closed","sticky":false,"template":"","format":"standard","meta":{"_bbp_topic_count":0,"_bbp_reply_count":0,"_bbp_total_topic_count":0,"_bbp_total_reply_count":0,"_bbp_voice_count":0,"_bbp_anonymous_reply_count":0,"_bbp_topic_count_hidden":0,"_bbp_reply_count_hidden":0,"_bbp_forum_subforum_count":0,"footnotes":""},"categories":[349,1],"tags":[523],"class_list":["post-10563","post","type-post","status-publish","format-standard","hentry","category-5e","category-general","tag-redactoriredactoradelblog"],"post_mailing_queue_ids":[],"_links":{"self":[{"href":"https:\/\/agora.xtec.cat\/esc-teresabergada\/wp-json\/wp\/v2\/posts\/10563","targetHints":{"allow":["GET"]}}],"collection":[{"href":"https:\/\/agora.xtec.cat\/esc-teresabergada\/wp-json\/wp\/v2\/posts"}],"about":[{"href":"https:\/\/agora.xtec.cat\/esc-teresabergada\/wp-json\/wp\/v2\/types\/post"}],"author":[{"embeddable":true,"href":"https:\/\/agora.xtec.cat\/esc-teresabergada\/wp-json\/wp\/v2\/users\/32"}],"replies":[{"embeddable":true,"href":"https:\/\/agora.xtec.cat\/esc-teresabergada\/wp-json\/wp\/v2\/comments?post=10563"}],"version-history":[{"count":3,"href":"https:\/\/agora.xtec.cat\/esc-teresabergada\/wp-json\/wp\/v2\/posts\/10563\/revisions"}],"predecessor-version":[{"id":10567,"href":"https:\/\/agora.xtec.cat\/esc-teresabergada\/wp-json\/wp\/v2\/posts\/10563\/revisions\/10567"}],"wp:attachment":[{"href":"https:\/\/agora.xtec.cat\/esc-teresabergada\/wp-json\/wp\/v2\/media?parent=10563"}],"wp:term":[{"taxonomy":"category","embeddable":true,"href":"https:\/\/agora.xtec.cat\/esc-teresabergada\/wp-json\/wp\/v2\/categories?post=10563"},{"taxonomy":"post_tag","embeddable":true,"href":"https:\/\/agora.xtec.cat\/esc-teresabergada\/wp-json\/wp\/v2\/tags?post=10563"}],"curies":[{"name":"wp","href":"https:\/\/api.w.org\/{rel}","templated":true}]}}