{"id":10556,"date":"2022-03-23T13:06:48","date_gmt":"2022-03-23T12:06:48","guid":{"rendered":"https:\/\/agora.xtec.cat\/esc-teresabergada\/?p=10556"},"modified":"2022-07-11T11:01:52","modified_gmt":"2022-07-11T09:01:52","slug":"les-colonies-del-cda-de-la-garrotxa","status":"publish","type":"post","link":"https:\/\/agora.xtec.cat\/esc-teresabergada\/blocs-de-primaria\/5e\/les-colonies-del-cda-de-la-garrotxa\/","title":{"rendered":"LES COL\u00d2NIES DEL CdA DE LA GARROTXA"},"content":{"rendered":"<p style=\"text-align: justify\">Hola, soc el Mart\u00ed i aquest \u00e9s el meu article de les col\u00f2nies de CdA de la Garrotxa.<\/p>\n<p style=\"text-align: justify\">Els alumnes de cicle superior vam anar de col\u00f2nies a Olot, del 8 al 11 de mar\u00e7 de 2022.<\/p>\n<p style=\"text-align: justify\">Vam agafar l&#8217;autob\u00fas el dia 8 i vam fer una parada al parc de l&#8217;Agulla per esmorzar, vam tornar a agafar l&#8217;autob\u00fas i vam arribar a l&#8217;alberg, on ens allotjar\u00edem durant aquests 4 dies.<\/p>\n<p style=\"text-align: justify\">Durant aquests dies, vam anar fent diverses activitats: visitar el museu &#8220;Espai Cr\u00e0ter&#8221;, anar als volcans Croscat i al Montsacopa, anar a la fageda d&#8217;en jord\u00e0, la descoberta d&#8217;Olot, passar per diferents parcs, fer jocs de nit (entre elles la disco).<\/p>\n<p style=\"text-align: justify\">Els alumnes de 5\u00e8 B ten\u00edem 4 habitacions (una per grup), els de 5\u00e9 A tenien 3 habitacions (2 per les nenes i 1 pels nens) i els de 6\u00e8 A i B tenien v\u00e0ries habitacions (per grups).<\/p>\n<p style=\"text-align: justify\">Els mestres del CdA, el Romero, la Susanna i la Laura, ens van ensenyar moltes coses.<\/p>\n<p style=\"text-align: justify\">Finalment, el dia 11 vam agafar l&#8217;autob\u00fas per anar cap a Alguaire.<\/p>\n<p style=\"text-align: justify\">Va ser una experi\u00e8ncia molt divertida i interessant!!!<\/p>\n<p><img loading=\"lazy\" decoding=\"async\" class=\"alignnone size-large wp-image-10557\" src=\"https:\/\/agora.xtec.cat\/esc-teresabergada\/wp-content\/uploads\/usu1533\/2022\/03\/IMG_20220315_125633-1-1024x762.jpg\" alt=\"\" width=\"1024\" height=\"762\" \/><\/p>\n<p>Mart\u00ed Nogueras Fontova<\/p>\n","protected":false},"excerpt":{"rendered":"<p>Hola, soc el Mart\u00ed i aquest \u00e9s el meu article de les col\u00f2nies de CdA de la Garrotxa.<br \/>\nEls alumnes de cicle superior vam anar de col\u00f2nies a Olot, del 8 al 11 de mar\u00e7 de 2022.<br \/>\nVam agafar l&#8217;autob\u00fas el dia 8 i vam fer una&hellip;  <a href=\"https:\/\/agora.xtec.cat\/esc-teresabergada\/blocs-de-primaria\/5e\/les-colonies-del-cda-de-la-garrotxa\/\" title=\"Read LES COL\u00d2NIES DEL CdA DE LA GARROTXA\">Llegeix m\u00e9s\u00bb<\/a><\/p>\n","protected":false},"author":1,"featured_media":0,"comment_status":"open","ping_status":"closed","sticky":false,"template":"","format":"standard","meta":{"_bbp_topic_count":0,"_bbp_reply_count":0,"_bbp_total_topic_count":0,"_bbp_total_reply_count":0,"_bbp_voice_count":0,"_bbp_anonymous_reply_count":0,"_bbp_topic_count_hidden":0,"_bbp_reply_count_hidden":0,"_bbp_forum_subforum_count":0,"footnotes":""},"categories":[349],"tags":[523],"class_list":["post-10556","post","type-post","status-publish","format-standard","hentry","category-5e","tag-redactoriredactoradelblog"],"post_mailing_queue_ids":[],"_links":{"self":[{"href":"https:\/\/agora.xtec.cat\/esc-teresabergada\/wp-json\/wp\/v2\/posts\/10556","targetHints":{"allow":["GET"]}}],"collection":[{"href":"https:\/\/agora.xtec.cat\/esc-teresabergada\/wp-json\/wp\/v2\/posts"}],"about":[{"href":"https:\/\/agora.xtec.cat\/esc-teresabergada\/wp-json\/wp\/v2\/types\/post"}],"author":[{"embeddable":true,"href":"https:\/\/agora.xtec.cat\/esc-teresabergada\/wp-json\/wp\/v2\/users\/1"}],"replies":[{"embeddable":true,"href":"https:\/\/agora.xtec.cat\/esc-teresabergada\/wp-json\/wp\/v2\/comments?post=10556"}],"version-history":[{"count":3,"href":"https:\/\/agora.xtec.cat\/esc-teresabergada\/wp-json\/wp\/v2\/posts\/10556\/revisions"}],"predecessor-version":[{"id":10562,"href":"https:\/\/agora.xtec.cat\/esc-teresabergada\/wp-json\/wp\/v2\/posts\/10556\/revisions\/10562"}],"wp:attachment":[{"href":"https:\/\/agora.xtec.cat\/esc-teresabergada\/wp-json\/wp\/v2\/media?parent=10556"}],"wp:term":[{"taxonomy":"category","embeddable":true,"href":"https:\/\/agora.xtec.cat\/esc-teresabergada\/wp-json\/wp\/v2\/categories?post=10556"},{"taxonomy":"post_tag","embeddable":true,"href":"https:\/\/agora.xtec.cat\/esc-teresabergada\/wp-json\/wp\/v2\/tags?post=10556"}],"curies":[{"name":"wp","href":"https:\/\/api.w.org\/{rel}","templated":true}]}}