{"id":10554,"date":"2022-03-23T12:51:17","date_gmt":"2022-03-23T11:51:17","guid":{"rendered":"https:\/\/agora.xtec.cat\/esc-teresabergada\/?p=10554"},"modified":"2022-07-11T11:41:16","modified_gmt":"2022-07-11T09:41:16","slug":"unes-colonies-inoblidables","status":"publish","type":"post","link":"https:\/\/agora.xtec.cat\/esc-teresabergada\/blocs-de-primaria\/6e\/unes-colonies-inoblidables\/","title":{"rendered":"UNES COL\u00d2NIES INOBLIDABLES"},"content":{"rendered":"<p style=\"text-align: justify;\">Els dies 8, 9, 10 i 11 de Mar\u00e7, v\u00e0rem marxar de Col\u00f2nies a Olot, una ciutat envoltada per volcans. Aquelles Col\u00f2nies varen esdevenir una gran oportunitat per a treballar el nou projecte: La Terra.\ud83c\udf0d<\/p>\n<p style=\"text-align: justify;\">Una vegada vam arribar a Olot, ens vam dirigir cap a l&#8217;Alberg Torre Malagrida, antiga casa d&#8217;estiueig del Sr. Malagrida. Els seus jardins ens varen impactar molt. Pins alt\u00edssims s&#8217;al\u00e7aven d&#8217;un terra humit. Margarides, arbustos, caminets de pedra decoraven el paisatge&#8230; Una vegada v\u00e0rem haver deixat les maletes, dinat i fins i tot jugat, els nostres guies es van presentar. Es deien: Susanna, Romero i Laura. Tot seguit, les professores ens van dir amb quin grup an\u00e0vem. Hi havia 3 grups. \ud83c\udf3f\ud83c\udf32<\/p>\n<p style=\"text-align: justify;\">Aquella mateixa tarda, els grups 1 i 2 van fer la Descoberta d&#8217;Olot, i el grup 3 va anar a visitar l&#8217;Espai Cr\u00e0ter, recentment obert. La Descoberta d&#8217;Olot (com b\u00e9 diu el seu nom) tractava d&#8217;anar seguint una ruta marcada per Olot, i mentre es feia l&#8217;activitat, s&#8217;anava omplint un dossier. L&#8217;Espai Cr\u00e0ter, era tot el contrari, era molt visual i am\u00e8. La ubicaci\u00f3 de L&#8217;Espai Cr\u00e0ter, era molt curiosa. Estava situat dins del cr\u00e0ter d&#8217;un volc\u00e0, el Volc\u00e0 Puig del Roser. Aquella mateixa nit, ens esperava una activitat. L&#8217;activitat tractava sobre un assassinat que havia passat a l&#8217;Alberg i unes detectius ens van demanar ajuda.\ud83d\udd0d<\/p>\n<p style=\"text-align: justify;\">El dia seg\u00fcent, v\u00e0rem anar a veure el Volc\u00e0 Montsacopa pel mat\u00ed, on v\u00e0rem fer diferents activitats relacionades amb l&#8217;orientaci\u00f3. Per la tarda, els grups que ahir varen anar a fer la Descoberta d&#8217;Olot, van anar a visitar l&#8217;Espai Cr\u00e0ter, i viceversa. A la nit, les mateixes detectius ens varen preparar una &#8220;mini disco&#8221; per a passar-nos-ho molt b\u00e9.\ud83c\udf0b<\/p>\n<p style=\"text-align: justify;\">El dijous al mat\u00ed, vam anar a visitar el Volc\u00e0 Croscat. Un Volc\u00e0 que durant molt de temps va servir com a mina. Com el Volc\u00e0 estava una mica lluny, v\u00e0rem anar amb autocar. Quan vam acabar de visitar-lo, v\u00e0rem anar a dinar a un restaurant que es deia Can Xel. Per la tarda, v\u00e0rem anar a visitar la Fageda d&#8217;en Jord\u00e0, un bosc envoltat de Fagedes, ubicat al damunt d&#8217;una colada de lava procedent del Volc\u00e0 Croscat. La &#8220;disco&#8221; ens esperava despr\u00e9s de sopar. Est\u00e0vem molt ansiosos. Ens v\u00e0rem fer un fart de ballar, per\u00f2 va valdre la pena. Per la nit, vam dormir plans.\ud83d\udecf<\/p>\n<p style=\"text-align: justify;\">Aiiii&#8230; L&#8217;\u00faltim dia de Col\u00f2nies&#8230; Est\u00e0vem una mica tristos, per\u00f2 tamb\u00e9 contents, ja que per fi, podr\u00edem tornar a veure als nostres pares una altra vegada. Pel mat\u00ed, v\u00e0rem anar a visitar unes colades de lava a Sant Joan les Fonts, i despr\u00e9s de veure-les vam anar a Castellfollit de la Roca, un petit poble ubicat al damunt de 2 colades de lava superposades. Una vegada vam acabar de contemplar les vistes, v\u00e0rem anar a l&#8217;Alberg a dinar. El nostre \u00faltim dinar&#8230; Les Col\u00f2nies, ja s&#8217;acabaven. Per a acomiadar-nos de l&#8217;Alberg, v\u00e0rem decidir fer una foto de comiat.\ud83d\udcf7<\/p>\n<p style=\"text-align: justify;\">En Conclusi\u00f3&#8230; Aquestes Col\u00f2nies, les recordar\u00e9 amb molt de carinyo, ja que han estat unes de les millors Col\u00f2nies (fins ara). Totes les activitats varen ser molt entretingudes i divertides. Les nits, varen ser extremadament mogudes, ja que ens n&#8217;an\u00e0vem a habitacions diferents i parl\u00e0vem durant molta estona&#8230;\ud83d\udde3<\/p>\n<p>AQUESTES COL\u00d2NIES HAN SIGUT UNA PASSADA!!!\ud83c\udf3f\ud83c\udf44\u2728<\/p>\n<p>Ferran Vilamaj\u00f3 Fontanet.<\/p>\n<p>&nbsp;<\/p>\n","protected":false},"excerpt":{"rendered":"<p>Els dies 8, 9, 10 i 11 de Mar\u00e7, v\u00e0rem marxar de Col\u00f2nies a Olot, una ciutat envoltada per volcans. Aquelles Col\u00f2nies varen esdevenir una gran oportunitat per a treballar el nou projecte: La Terra.\ud83c\udf0d<br \/>\nUna vegada vam arribar a Olot, ens vam dirigir cap a&hellip;  <a href=\"https:\/\/agora.xtec.cat\/esc-teresabergada\/blocs-de-primaria\/6e\/unes-colonies-inoblidables\/\" title=\"Read UNES COL\u00d2NIES INOBLIDABLES\">Llegeix m\u00e9s\u00bb<\/a><\/p>\n","protected":false},"author":1,"featured_media":0,"comment_status":"open","ping_status":"closed","sticky":false,"template":"","format":"standard","meta":{"_bbp_topic_count":0,"_bbp_reply_count":0,"_bbp_total_topic_count":0,"_bbp_total_reply_count":0,"_bbp_voice_count":0,"_bbp_anonymous_reply_count":0,"_bbp_topic_count_hidden":0,"_bbp_reply_count_hidden":0,"_bbp_forum_subforum_count":0,"footnotes":""},"categories":[240],"tags":[523,411],"class_list":["post-10554","post","type-post","status-publish","format-standard","hentry","category-6e","tag-redactoriredactoradelblog","tag-colonies"],"post_mailing_queue_ids":[],"_links":{"self":[{"href":"https:\/\/agora.xtec.cat\/esc-teresabergada\/wp-json\/wp\/v2\/posts\/10554","targetHints":{"allow":["GET"]}}],"collection":[{"href":"https:\/\/agora.xtec.cat\/esc-teresabergada\/wp-json\/wp\/v2\/posts"}],"about":[{"href":"https:\/\/agora.xtec.cat\/esc-teresabergada\/wp-json\/wp\/v2\/types\/post"}],"author":[{"embeddable":true,"href":"https:\/\/agora.xtec.cat\/esc-teresabergada\/wp-json\/wp\/v2\/users\/1"}],"replies":[{"embeddable":true,"href":"https:\/\/agora.xtec.cat\/esc-teresabergada\/wp-json\/wp\/v2\/comments?post=10554"}],"version-history":[{"count":3,"href":"https:\/\/agora.xtec.cat\/esc-teresabergada\/wp-json\/wp\/v2\/posts\/10554\/revisions"}],"predecessor-version":[{"id":10904,"href":"https:\/\/agora.xtec.cat\/esc-teresabergada\/wp-json\/wp\/v2\/posts\/10554\/revisions\/10904"}],"wp:attachment":[{"href":"https:\/\/agora.xtec.cat\/esc-teresabergada\/wp-json\/wp\/v2\/media?parent=10554"}],"wp:term":[{"taxonomy":"category","embeddable":true,"href":"https:\/\/agora.xtec.cat\/esc-teresabergada\/wp-json\/wp\/v2\/categories?post=10554"},{"taxonomy":"post_tag","embeddable":true,"href":"https:\/\/agora.xtec.cat\/esc-teresabergada\/wp-json\/wp\/v2\/tags?post=10554"}],"curies":[{"name":"wp","href":"https:\/\/api.w.org\/{rel}","templated":true}]}}