{"id":10550,"date":"2022-03-22T00:12:19","date_gmt":"2022-03-21T23:12:19","guid":{"rendered":"https:\/\/agora.xtec.cat\/esc-teresabergada\/?p=10550"},"modified":"2022-03-22T00:12:19","modified_gmt":"2022-03-21T23:12:19","slug":"sortida-a-lespluga-de-francoli","status":"publish","type":"post","link":"https:\/\/agora.xtec.cat\/esc-teresabergada\/blocs-de-primaria\/2n\/sortida-a-lespluga-de-francoli\/","title":{"rendered":"Sortida a l&#8217;Espluga de Francol\u00ed"},"content":{"rendered":"<p>La sortida d&#8217;aquest segon trimestre ha estat a l&#8217;Espluga de Francol\u00ed, on hem viatjat al passat.<\/p>\n<p>Hem\u00a0 visitat la cova de la Font Major, que \u00e9s una de les set coves m\u00e9s llargues del m\u00f3n i un dels primers espais on van viure fa milers d&#8217;anys, <span style=\"font-family: inherit;font-size: 1em\">els nostres avantpassats prehist\u00f2rics. Amb l&#8217;ajuda de v\u00eddeos i de les explicacions del nostre guia, hem pogut veure i entendre millor quines eren les costums i la manera de viure que tenien.<\/span><\/p>\n<p>Tamb\u00e9 em visitat el Museu de la Vida Rural, que amb l&#8217;ajuda de les can\u00e7ons i els relats de la nostra guia, hem pogut aprendre molt sobre com vivien els nostres revesavis i aix\u00ed poder anar identificant les semblances i difer\u00e8ncies entre la nostra vida actual amb la dels nostres avantpassats.<\/p>\n<p>Una sortida que ens ajudar\u00e0 a endinsar-nos una mica millor en el projecte de la fam\u00edlia i veure com el passat, tot i les difer\u00e8ncies, t\u00e9 molta import\u00e0ncia en el present.<\/p>\n<p><a href=\"https:\/\/photos.app.goo.gl\/45cF87EZn7RK3mzq7\">Aqu\u00ed podreu veure un recull de fotos.<\/a><\/p>\n<p>&nbsp;<\/p>\n","protected":false},"excerpt":{"rendered":"<p>La sortida d&#8217;aquest segon trimestre ha estat a l&#8217;Espluga de Francol\u00ed, on hem viatjat al passat.<br \/>\nHem\u00a0 visitat la cova de la Font Major, que \u00e9s una de les set coves m\u00e9s llargues del m\u00f3n i un dels primers espais on van viure fa milers d&#8217;anys,&hellip;  <a href=\"https:\/\/agora.xtec.cat\/esc-teresabergada\/blocs-de-primaria\/2n\/sortida-a-lespluga-de-francoli\/\" title=\"Read Sortida a l&#8217;Espluga de Francol\u00ed\">Llegeix m\u00e9s\u00bb<\/a><\/p>\n","protected":false},"author":16,"featured_media":10551,"comment_status":"open","ping_status":"closed","sticky":false,"template":"","format":"standard","meta":{"_bbp_topic_count":0,"_bbp_reply_count":0,"_bbp_total_topic_count":0,"_bbp_total_reply_count":0,"_bbp_voice_count":0,"_bbp_anonymous_reply_count":0,"_bbp_topic_count_hidden":0,"_bbp_reply_count_hidden":0,"_bbp_forum_subforum_count":0,"footnotes":""},"categories":[348,153],"tags":[135,612,610,609,172,611,123],"class_list":["post-10550","post","type-post","status-publish","format-standard","has-post-thumbnail","hentry","category-1r","category-2n","tag-cicle-inicial","tag-cova","tag-espluga-de-francoli","tag-excursio","tag-medi","tag-museu","tag-sortida"],"post_mailing_queue_ids":[],"_links":{"self":[{"href":"https:\/\/agora.xtec.cat\/esc-teresabergada\/wp-json\/wp\/v2\/posts\/10550","targetHints":{"allow":["GET"]}}],"collection":[{"href":"https:\/\/agora.xtec.cat\/esc-teresabergada\/wp-json\/wp\/v2\/posts"}],"about":[{"href":"https:\/\/agora.xtec.cat\/esc-teresabergada\/wp-json\/wp\/v2\/types\/post"}],"author":[{"embeddable":true,"href":"https:\/\/agora.xtec.cat\/esc-teresabergada\/wp-json\/wp\/v2\/users\/16"}],"replies":[{"embeddable":true,"href":"https:\/\/agora.xtec.cat\/esc-teresabergada\/wp-json\/wp\/v2\/comments?post=10550"}],"version-history":[{"count":2,"href":"https:\/\/agora.xtec.cat\/esc-teresabergada\/wp-json\/wp\/v2\/posts\/10550\/revisions"}],"predecessor-version":[{"id":10553,"href":"https:\/\/agora.xtec.cat\/esc-teresabergada\/wp-json\/wp\/v2\/posts\/10550\/revisions\/10553"}],"wp:featuredmedia":[{"embeddable":true,"href":"https:\/\/agora.xtec.cat\/esc-teresabergada\/wp-json\/wp\/v2\/media\/10551"}],"wp:attachment":[{"href":"https:\/\/agora.xtec.cat\/esc-teresabergada\/wp-json\/wp\/v2\/media?parent=10550"}],"wp:term":[{"taxonomy":"category","embeddable":true,"href":"https:\/\/agora.xtec.cat\/esc-teresabergada\/wp-json\/wp\/v2\/categories?post=10550"},{"taxonomy":"post_tag","embeddable":true,"href":"https:\/\/agora.xtec.cat\/esc-teresabergada\/wp-json\/wp\/v2\/tags?post=10550"}],"curies":[{"name":"wp","href":"https:\/\/api.w.org\/{rel}","templated":true}]}}